{"id":2637,"date":"2009-12-17T23:00:38","date_gmt":"2009-12-18T03:00:38","guid":{"rendered":"http:\/\/www.yungayino.cl\/noticias\/?p=2637"},"modified":"2009-12-17T23:32:43","modified_gmt":"2009-12-18T03:32:43","slug":"importante-reunion-para-evitar-incendios-forestales-se-realizo-en-yungay","status":"publish","type":"post","link":"https:\/\/www.yungayino.cl\/noticias\/?p=2637","title":{"rendered":"Importante Reuni\u00f3n Para Evitar Incendios Forestales se Realiz\u00f3 en Yungay"},"content":{"rendered":"<p><img decoding=\"async\" src=\"http:\/\/www.yungayino.cl\/imagenes\/reunionincendiosforestales.jpg\" alt=\"Importante Reuni\u00f3n Para Evitar Incendio Forestales se Realiz\u00f3 en Yungay\" \/><\/p>\n<p align=\"justify\"><font size=\"2\">Yungay, 17 de diciembre en la sala de la Biblioteca Municipal se llevo a cabo una importante reuni\u00f3n para evitar los incendios forestales en nuestra comuna, en la cu\u00e1l se analizaron diferentes inquietudes sobre los da\u00f1os y consecuencias que acarrean estos incendios que en su mayor\u00eda son ocasionados por la  irresponsabilidad del hombre. Tambi\u00e9n se tomaron acuerdos de c\u00f3mo abordar en caso de emergencia y quienes son las autoridades encargados de guiar la situaci\u00f3n de emergencia, a la vez se acord\u00f3 la confecci\u00f3n de un  Mapa de la comuna, el cu\u00e1l contar\u00e1 con los tel\u00e9fonos de los involucrados que puedan aportar con recursos como camiones aljibes, tractores, brigadas y aviones, adem\u00e1s de la se\u00f1alizaci\u00f3n de rutas, caminos rurales alternativos, y as\u00ed con estas herramientas fundamentales poder abordar r\u00e1pidamente la situaci\u00f3n para evitar perdidas humanas y materiales. A esta importante reuni\u00f3n concurrieron el Alcalde Pedro Inostroza, Representantes de Empresas Forestales, Turismo, Agricultores, Bomberos, Juntas de Vecinos y diferentes Medios de Comunicaci\u00f3n.<br \/>\n<a href=\"http:\/\/www.yungayino.cl\/noticias\/?p=2637#comments\">Comente Aqu\u00ed<\/a><\/font><\/p>\n","protected":false},"excerpt":{"rendered":"<p>Yungay, 17 de diciembre en la sala de la Biblioteca Municipal se llevo a cabo una importante reuni\u00f3n para evitar los incendios forestales en nuestra comuna, en la cu\u00e1l se analizaron diferentes inquietudes sobre&#46;&#46;&#46;<\/p>\n","protected":false},"author":2,"featured_media":15187,"comment_status":"open","ping_status":"open","sticky":false,"template":"","format":"standard","meta":{"footnotes":""},"categories":[1],"tags":[128,1115,8,6],"class_list":["post-2637","post","type-post","status-publish","format-standard","has-post-thumbnail","hentry","category-noticias","tag-incendios-forestales","tag-noticias","tag-yungay","tag-yungayino"],"_links":{"self":[{"href":"https:\/\/www.yungayino.cl\/noticias\/index.php?rest_route=\/wp\/v2\/posts\/2637","targetHints":{"allow":["GET"]}}],"collection":[{"href":"https:\/\/www.yungayino.cl\/noticias\/index.php?rest_route=\/wp\/v2\/posts"}],"about":[{"href":"https:\/\/www.yungayino.cl\/noticias\/index.php?rest_route=\/wp\/v2\/types\/post"}],"author":[{"embeddable":true,"href":"https:\/\/www.yungayino.cl\/noticias\/index.php?rest_route=\/wp\/v2\/users\/2"}],"replies":[{"embeddable":true,"href":"https:\/\/www.yungayino.cl\/noticias\/index.php?rest_route=%2Fwp%2Fv2%2Fcomments&post=2637"}],"version-history":[{"count":9,"href":"https:\/\/www.yungayino.cl\/noticias\/index.php?rest_route=\/wp\/v2\/posts\/2637\/revisions"}],"predecessor-version":[{"id":2647,"href":"https:\/\/www.yungayino.cl\/noticias\/index.php?rest_route=\/wp\/v2\/posts\/2637\/revisions\/2647"}],"wp:featuredmedia":[{"embeddable":true,"href":"https:\/\/www.yungayino.cl\/noticias\/index.php?rest_route=\/wp\/v2\/media\/15187"}],"wp:attachment":[{"href":"https:\/\/www.yungayino.cl\/noticias\/index.php?rest_route=%2Fwp%2Fv2%2Fmedia&parent=2637"}],"wp:term":[{"taxonomy":"category","embeddable":true,"href":"https:\/\/www.yungayino.cl\/noticias\/index.php?rest_route=%2Fwp%2Fv2%2Fcategories&post=2637"},{"taxonomy":"post_tag","embeddable":true,"href":"https:\/\/www.yungayino.cl\/noticias\/index.php?rest_route=%2Fwp%2Fv2%2Ftags&post=2637"}],"curies":[{"name":"wp","href":"https:\/\/api.w.org\/{rel}","templated":true}]}}