{"id":26382,"date":"2022-06-30T10:00:28","date_gmt":"2022-06-30T13:00:28","guid":{"rendered":"http:\/\/www.yungayino.cl\/noticias\/?p=26382"},"modified":"2022-06-30T14:33:39","modified_gmt":"2022-06-30T17:33:39","slug":"alumnos-del-colegio-cholguan-y-arquitectura-uss-se-unen-para-disenar-muebles-de-madera","status":"publish","type":"post","link":"https:\/\/www.yungayino.cl\/noticias\/?p=26382","title":{"rendered":"Alumnos del Colegio Cholgu\u00e1n y Arquitectura USS se Unen Para Dise\u00f1ar Muebles de Madera"},"content":{"rendered":"<p><img loading=\"lazy\" decoding=\"async\" class=\"alignnone size-full wp-image-26383\" src=\"http:\/\/www.yungayino.cl\/noticias\/wp-content\/uploads\/2022\/06\/portada-1.jpg\" alt=\"\" width=\"700\" height=\"350\" srcset=\"https:\/\/www.yungayino.cl\/noticias\/wp-content\/uploads\/2022\/06\/portada-1.jpg 700w, https:\/\/www.yungayino.cl\/noticias\/wp-content\/uploads\/2022\/06\/portada-1-300x150.jpg 300w\" sizes=\"auto, (max-width: 700px) 100vw, 700px\" \/><\/p>\n<p style=\"text-align: justify;\">\u00d1uble, junio 2022: El trabajo en conjunto permiti\u00f3 crear prototipos de equipamiento para una sala multiuso del establecimiento ubicado en la Regi\u00f3n de \u00d1uble y que beneficiar\u00e1 a unos 400 estudiantes.<\/p>\n<p style=\"text-align: justify;\">M\u00e1s de 100 kil\u00f3metros viajaron los alumnos del colegio Cholgu\u00e1n de la Regi\u00f3n de \u00d1uble, para visitar los laboratorios de Fabricaci\u00f3n de Arquitectura e Ingenier\u00eda de la Universidad San Sebasti\u00e1n (USS) &#8211; sede Concepci\u00f3n, donde pudieron acceder a la tecnolog\u00eda digital para desarrollar el dise\u00f1o y prototipado de muebles multiuso de madera para su establecimiento.<\/p>\n<p style=\"text-align: justify;\">Se trata del proyecto \u201cMobiliario Sustentable\u201d, que la Corporaci\u00f3n Chilena de la Madera \u2013 Corma, est\u00e1 impulsando en colaboraci\u00f3n con la escuela de Arquitectura USS,\u00a0la Corporaci\u00f3n de Desarrollo Social de la comuna y el colegio Cholgu\u00e1n, como beneficiarios.<\/p>\n<p style=\"text-align: justify;\">La jornada permiti\u00f3 que los estudiantes de Cholgu\u00e1n formaran equipos de trabajo junto a los alumnos de la carrera de Arquitectura USS, para generar los primeros dise\u00f1os para muebles de madera, donde se capacitaron sobre construcci\u00f3n con modelos digitales mediante uso de software, el uso de m\u00e1quinas para cortar la madera para sus prototipos y analizaron c\u00f3mo influyen sus creaciones al momento de la elaboraci\u00f3n.<\/p>\n<p style=\"text-align: justify;\">La acad\u00e9mica de Vinculaci\u00f3n con el Medio de Arquitectura USS, Anita Jara, se\u00f1al\u00f3 que \u201cha sido una instancia de co-construcci\u00f3n donde estamos valorando la etapa del testeo y validaci\u00f3n de los prototipos creado por los propios alumnos seg\u00fan sus necesidades, para generar modelos a escala real de muebles que sean f\u00e1ciles de armar, desarmar, mover y que les sirva para sus distintas actividades\u201d.<\/p>\n<p style=\"text-align: justify;\">Por su parte, el profesor de Artes Visuales del colegio Cholgu\u00e1n, Gerardo Espinoza, manifest\u00f3 que \u201cmis estudiantes han tenido una experiencia \u00fanica con sus proyectos, con el apoyo y conversaciones que han tenido con los expertos, lo que de seguro generar\u00e1 un rol fundamental en su crecimiento personal, en lo socioemocional y en el acercamiento a la arquitectura y dise\u00f1o\u201d.<\/p>\n<p style=\"text-align: justify;\">La experiencia<\/p>\n<p style=\"text-align: justify;\">Tom\u00e1s Canales, estudiante de tercero medio del electivo arquitectura y dise\u00f1o del colegio Cholgu\u00e1n, dijo que \u201ctodo ha sido muy gratificante y entretenido, porque hemos podido interactuar con las distintas herramientas que dispone la universidad, en especial con los profesores, quienes nos guiaron y que de seguro este trabajo nos orientar\u00e1 para nuestro futuro\u201d.<\/p>\n<p style=\"text-align: justify;\">Como una experiencia genial catalog\u00f3 la alumna del colegio Cholgu\u00e1n, Martina Villagr\u00e1n. \u201cEs s\u00faper bac\u00e1n aprender c\u00f3mo prototipar, como cortan las m\u00e1quinas y el funcionamiento de las impresoras 3D, herramientas que nos apoyar\u00e1n para ir chequeando nuestro mobiliario, ya que necesitamos muebles de madera funcionales\u201d.<\/p>\n<p style=\"text-align: justify;\">El jefe de Innovaci\u00f3n de Bioproductos de Corma Biob\u00edo y \u00d1uble, Alejandro Parada, indic\u00f3 que \u201cpara el gremio maderero es fundamental contribuir a diversificar el valor de la madera como material de construcci\u00f3n y tambi\u00e9n como materia prima para la elaboraci\u00f3n de una infinidad de productos que contribuyen a enfrentar el cambio clim\u00e1tico\u201d.<\/p>\n<p style=\"text-align: justify;\">Y a\u00f1adi\u00f3 que, \u201clo destacable de este programa es que nos permitir\u00e1 contar prontamente con profesionales m\u00e1s capacitados e integrales, favoreciendo la incorporaci\u00f3n del talento joven a la construcci\u00f3n en madera, con innovaci\u00f3n y emprendimiento\u201d.<\/p>\n<p style=\"text-align: justify;\">La validaci\u00f3n del dise\u00f1o desarrollado en el equipamiento educativo, permitir\u00e1 en los pr\u00f3ximos meses generar un cat\u00e1logo de construcci\u00f3n de los muebles creados, documento que quedar\u00e1 disponible para emprendedores y pymes que se dedican a este rubro.<\/p>\n<p>&nbsp;<\/p>\n<p style=\"text-align: justify;\">[su_button url=\u00bbhttps:\/\/web.facebook.com\/media\/set\/?vanity=yungayino.cl&amp;set=a.5815347761813548&#8243; target=\u00bbblank\u00bb size=\u00bb7&#8243; radius=\u00bbround\u00bb icon=\u00bbicon: facebook-square\u00bb]FOTOGRAF\u00cdAS &#8211;\u00a0Alumnos del Colegio Cholgu\u00e1n y Arquitectura USS se Unen Para Dise\u00f1ar Muebles de Madera[\/su_button]<\/p>\n","protected":false},"excerpt":{"rendered":"<p>\u00d1uble, junio 2022: El trabajo en conjunto permiti\u00f3 crear prototipos de equipamiento para una sala multiuso del establecimiento ubicado en la Regi\u00f3n de \u00d1uble y que beneficiar\u00e1 a unos 400 estudiantes. M\u00e1s de 100&#46;&#46;&#46;<\/p>\n","protected":false},"author":2,"featured_media":26383,"comment_status":"closed","ping_status":"open","sticky":false,"template":"","format":"standard","meta":{"footnotes":""},"categories":[2571,1],"tags":[87,1380,1115,1678,2610,8,6,117],"class_list":["post-26382","post","type-post","status-publish","format-standard","has-post-thumbnail","hentry","category-educacion-2","category-noticias","tag-colegio-cholguan","tag-concepcion","tag-noticias","tag-nuble","tag-universidad-san-sebastian","tag-yungay","tag-yungayino","tag-yungayinocl"],"_links":{"self":[{"href":"https:\/\/www.yungayino.cl\/noticias\/index.php?rest_route=\/wp\/v2\/posts\/26382","targetHints":{"allow":["GET"]}}],"collection":[{"href":"https:\/\/www.yungayino.cl\/noticias\/index.php?rest_route=\/wp\/v2\/posts"}],"about":[{"href":"https:\/\/www.yungayino.cl\/noticias\/index.php?rest_route=\/wp\/v2\/types\/post"}],"author":[{"embeddable":true,"href":"https:\/\/www.yungayino.cl\/noticias\/index.php?rest_route=\/wp\/v2\/users\/2"}],"replies":[{"embeddable":true,"href":"https:\/\/www.yungayino.cl\/noticias\/index.php?rest_route=%2Fwp%2Fv2%2Fcomments&post=26382"}],"version-history":[{"count":4,"href":"https:\/\/www.yungayino.cl\/noticias\/index.php?rest_route=\/wp\/v2\/posts\/26382\/revisions"}],"predecessor-version":[{"id":26387,"href":"https:\/\/www.yungayino.cl\/noticias\/index.php?rest_route=\/wp\/v2\/posts\/26382\/revisions\/26387"}],"wp:featuredmedia":[{"embeddable":true,"href":"https:\/\/www.yungayino.cl\/noticias\/index.php?rest_route=\/wp\/v2\/media\/26383"}],"wp:attachment":[{"href":"https:\/\/www.yungayino.cl\/noticias\/index.php?rest_route=%2Fwp%2Fv2%2Fmedia&parent=26382"}],"wp:term":[{"taxonomy":"category","embeddable":true,"href":"https:\/\/www.yungayino.cl\/noticias\/index.php?rest_route=%2Fwp%2Fv2%2Fcategories&post=26382"},{"taxonomy":"post_tag","embeddable":true,"href":"https:\/\/www.yungayino.cl\/noticias\/index.php?rest_route=%2Fwp%2Fv2%2Ftags&post=26382"}],"curies":[{"name":"wp","href":"https:\/\/api.w.org\/{rel}","templated":true}]}}