{"id":26416,"date":"2022-07-07T20:00:29","date_gmt":"2022-07-07T23:00:29","guid":{"rendered":"http:\/\/www.yungayino.cl\/noticias\/?p=26416"},"modified":"2022-07-07T22:34:23","modified_gmt":"2022-07-08T01:34:23","slug":"en-yungay-se-realizo-seminario-efectos-de-la-contaminacion-del-aire-en-la-salud","status":"publish","type":"post","link":"https:\/\/www.yungayino.cl\/noticias\/?p=26416","title":{"rendered":"En Yungay se Realiz\u00f3 \u201cSeminario Efectos de la Contaminaci\u00f3n del Aire en la Salud\u201d"},"content":{"rendered":"<p><img loading=\"lazy\" decoding=\"async\" class=\"alignnone size-full wp-image-26417\" src=\"http:\/\/www.yungayino.cl\/noticias\/wp-content\/uploads\/2022\/07\/portada.jpg\" alt=\"\" width=\"700\" height=\"315\" srcset=\"https:\/\/www.yungayino.cl\/noticias\/wp-content\/uploads\/2022\/07\/portada.jpg 700w, https:\/\/www.yungayino.cl\/noticias\/wp-content\/uploads\/2022\/07\/portada-300x135.jpg 300w, https:\/\/www.yungayino.cl\/noticias\/wp-content\/uploads\/2022\/07\/portada-333x150.jpg 333w\" sizes=\"auto, (max-width: 700px) 100vw, 700px\" \/><\/p>\n<p style=\"text-align: justify;\">Yungay, julio 2022: En las dependencias del auditorio de la Biblioteca Municipal se llev\u00f3 a cabo un seminario sobre los \u201cEfectos de la Contaminaci\u00f3n del Aire en la Salud\u201d, adem\u00e1s de las pol\u00edticas para su gesti\u00f3n ambiental.<\/p>\n<p style=\"text-align: justify;\">Esta actividad se realiz\u00f3 como \u00a0gesti\u00f3n del municipio yungayino en el marco de la campa\u00f1a de invierno que tuvo como alcance e implicaciones dar a conocer los planes de prevenci\u00f3n y descontaminaci\u00f3n atmosf\u00e9rica, adem\u00e1s de la gesti\u00f3n municipal para la prevenci\u00f3n y mitigaci\u00f3n de \u00e9sta en nuestra comuna.<\/p>\n<p style=\"text-align: justify;\">Finalmente se\u00f1alar que la actividad fue liderada por el alcalde Rafael Cifuentes, donde se cont\u00f3 con la asistencia de invitados y p\u00fablico en general.<\/p>\n<p>&nbsp;<\/p>\n<p style=\"text-align: justify;\">[su_button url=\u00bbhttps:\/\/web.facebook.com\/media\/set\/?vanity=yungayino.cl&amp;set=a.5835484813133176&#8243; target=\u00bbblank\u00bb size=\u00bb7&#8243; radius=\u00bbround\u00bb icon=\u00bbicon: facebook-square\u00bb]FOTOGRAF\u00cdAS &#8211; En Yungay se Realiz\u00f3 \u201cSeminario Efectos de la Contaminaci\u00f3n del Aire en la Salud\u201d[\/su_button]<\/p>\n","protected":false},"excerpt":{"rendered":"<p>Yungay, julio 2022: En las dependencias del auditorio de la Biblioteca Municipal se llev\u00f3 a cabo un seminario sobre los \u201cEfectos de la Contaminaci\u00f3n del Aire en la Salud\u201d, adem\u00e1s de las pol\u00edticas para&#46;&#46;&#46;<\/p>\n","protected":false},"author":2,"featured_media":26417,"comment_status":"closed","ping_status":"open","sticky":false,"template":"","format":"standard","meta":{"footnotes":""},"categories":[1,1676],"tags":[1115,8,6,117],"class_list":["post-26416","post","type-post","status-publish","format-standard","has-post-thumbnail","hentry","category-noticias","category-salud","tag-noticias","tag-yungay","tag-yungayino","tag-yungayinocl"],"_links":{"self":[{"href":"https:\/\/www.yungayino.cl\/noticias\/index.php?rest_route=\/wp\/v2\/posts\/26416","targetHints":{"allow":["GET"]}}],"collection":[{"href":"https:\/\/www.yungayino.cl\/noticias\/index.php?rest_route=\/wp\/v2\/posts"}],"about":[{"href":"https:\/\/www.yungayino.cl\/noticias\/index.php?rest_route=\/wp\/v2\/types\/post"}],"author":[{"embeddable":true,"href":"https:\/\/www.yungayino.cl\/noticias\/index.php?rest_route=\/wp\/v2\/users\/2"}],"replies":[{"embeddable":true,"href":"https:\/\/www.yungayino.cl\/noticias\/index.php?rest_route=%2Fwp%2Fv2%2Fcomments&post=26416"}],"version-history":[{"count":3,"href":"https:\/\/www.yungayino.cl\/noticias\/index.php?rest_route=\/wp\/v2\/posts\/26416\/revisions"}],"predecessor-version":[{"id":26420,"href":"https:\/\/www.yungayino.cl\/noticias\/index.php?rest_route=\/wp\/v2\/posts\/26416\/revisions\/26420"}],"wp:featuredmedia":[{"embeddable":true,"href":"https:\/\/www.yungayino.cl\/noticias\/index.php?rest_route=\/wp\/v2\/media\/26417"}],"wp:attachment":[{"href":"https:\/\/www.yungayino.cl\/noticias\/index.php?rest_route=%2Fwp%2Fv2%2Fmedia&parent=26416"}],"wp:term":[{"taxonomy":"category","embeddable":true,"href":"https:\/\/www.yungayino.cl\/noticias\/index.php?rest_route=%2Fwp%2Fv2%2Fcategories&post=26416"},{"taxonomy":"post_tag","embeddable":true,"href":"https:\/\/www.yungayino.cl\/noticias\/index.php?rest_route=%2Fwp%2Fv2%2Ftags&post=26416"}],"curies":[{"name":"wp","href":"https:\/\/api.w.org\/{rel}","templated":true}]}}