{"id":26443,"date":"2022-07-11T12:00:00","date_gmt":"2022-07-11T15:00:00","guid":{"rendered":"http:\/\/www.yungayino.cl\/noticias\/?p=26443"},"modified":"2022-07-11T13:16:03","modified_gmt":"2022-07-11T16:16:03","slug":"inauguraron-dos-nuevos-puntos-de-reciclaje-de-aceite-usado","status":"publish","type":"post","link":"https:\/\/www.yungayino.cl\/noticias\/?p=26443","title":{"rendered":"Inauguraron Dos Nuevos Puntos de Reciclaje de Aceite Usado"},"content":{"rendered":"<p><img loading=\"lazy\" decoding=\"async\" class=\"alignnone size-full wp-image-26444\" src=\"http:\/\/www.yungayino.cl\/noticias\/wp-content\/uploads\/2022\/07\/portada-1.jpg\" alt=\"\" width=\"700\" height=\"350\" srcset=\"https:\/\/www.yungayino.cl\/noticias\/wp-content\/uploads\/2022\/07\/portada-1.jpg 700w, https:\/\/www.yungayino.cl\/noticias\/wp-content\/uploads\/2022\/07\/portada-1-300x150.jpg 300w\" sizes=\"auto, (max-width: 700px) 100vw, 700px\" \/><\/p>\n<p style=\"text-align: justify;\">Yungay, julio 2022: Por intermedio de una alianza p\u00fablico-privada, Municipalidad, la Seremi de Medio Ambiente y Essbio, se inaugur\u00f3 la instalaci\u00f3n de dos puntos limpios para el reciclaje de aceite domiciliario.<\/p>\n<p style=\"text-align: justify;\">La campa\u00f1a, \u00abToma la sart\u00e9n por el mango\u00bb es una iniciativa que busca evitar el da\u00f1o irreparable que genera el vertido de aceite de cocina usado en el sistema de alcantarillado, el suelo y en el agua.<\/p>\n<p style=\"text-align: justify;\">Dirigentes de distintas organizaciones, entre las que se destaca el Comit\u00e9 Ambiental Comunal, participaron de una extensa capacitaci\u00f3n en la que se reforz\u00f3 la necesidad de tomar las medidas necesarias para seguir cuidando nuestro planeta.<\/p>\n<p style=\"text-align: justify;\">Los nuevos puntos estar\u00e1n dispuestos en el ex-Internado de nuestra comuna en el centro de Yungay y en el Polideportivo. Ambos se unen al ya establecido en el Jard\u00edn Parque Estadio.<\/p>\n<p style=\"text-align: justify;\">En la instancia, el Seremi de medio ambiente, Mario Rivas, destac\u00f3 la iniciativa, se\u00f1alando que es un gran hito comunal que refuerza el compromiso del gobierno por el cuidado del entorno del que todos son parte.<\/p>\n<p style=\"text-align: justify;\">Por su parte, alcalde, Rafael Cifuentes Rodr\u00edguez, destac\u00f3 la labor en conjunto del equipo municipal, la seremi y el comit\u00e9 ambiental comunal, cuyo trabajo rinde notables frutos en beneficio de los yungayinos y yungayinas.<\/p>\n<p style=\"text-align: justify;\">En la instancia tambi\u00e9n estuvo presente el subgerente de Essbio Cordillera, Regi\u00f3n de \u00d1uble, Roberto Riva Righetti, socio importante de esta gran campa\u00f1a.<\/p>\n<p>&nbsp;<\/p>\n<p style=\"text-align: justify;\">[su_button url=\u00bbhttps:\/\/web.facebook.com\/media\/set\/?vanity=yungayino.cl&amp;set=a.5845122822169375&#8243; target=\u00bbblank\u00bb size=\u00bb7&#8243; radius=\u00bbround\u00bb icon=\u00bbicon: facebook-square\u00bb]FOTOGRAF\u00cdAS &#8211; Inauguraron Dos Nuevos Puntos de Reciclaje de Aceite Usado[\/su_button]<\/p>\n<p style=\"text-align: justify;\">\n","protected":false},"excerpt":{"rendered":"<p>Yungay, julio 2022: Por intermedio de una alianza p\u00fablico-privada, Municipalidad, la Seremi de Medio Ambiente y Essbio, se inaugur\u00f3 la instalaci\u00f3n de dos puntos limpios para el reciclaje de aceite domiciliario. La campa\u00f1a, \u00abToma&#46;&#46;&#46;<\/p>\n","protected":false},"author":2,"featured_media":26444,"comment_status":"closed","ping_status":"open","sticky":false,"template":"","format":"standard","meta":{"footnotes":""},"categories":[1],"tags":[904,1115,2617,8,6,117],"class_list":["post-26443","post","type-post","status-publish","format-standard","has-post-thumbnail","hentry","category-noticias","tag-medio-ambiente","tag-noticias","tag-reciclaje-aceite","tag-yungay","tag-yungayino","tag-yungayinocl"],"_links":{"self":[{"href":"https:\/\/www.yungayino.cl\/noticias\/index.php?rest_route=\/wp\/v2\/posts\/26443","targetHints":{"allow":["GET"]}}],"collection":[{"href":"https:\/\/www.yungayino.cl\/noticias\/index.php?rest_route=\/wp\/v2\/posts"}],"about":[{"href":"https:\/\/www.yungayino.cl\/noticias\/index.php?rest_route=\/wp\/v2\/types\/post"}],"author":[{"embeddable":true,"href":"https:\/\/www.yungayino.cl\/noticias\/index.php?rest_route=\/wp\/v2\/users\/2"}],"replies":[{"embeddable":true,"href":"https:\/\/www.yungayino.cl\/noticias\/index.php?rest_route=%2Fwp%2Fv2%2Fcomments&post=26443"}],"version-history":[{"count":2,"href":"https:\/\/www.yungayino.cl\/noticias\/index.php?rest_route=\/wp\/v2\/posts\/26443\/revisions"}],"predecessor-version":[{"id":26446,"href":"https:\/\/www.yungayino.cl\/noticias\/index.php?rest_route=\/wp\/v2\/posts\/26443\/revisions\/26446"}],"wp:featuredmedia":[{"embeddable":true,"href":"https:\/\/www.yungayino.cl\/noticias\/index.php?rest_route=\/wp\/v2\/media\/26444"}],"wp:attachment":[{"href":"https:\/\/www.yungayino.cl\/noticias\/index.php?rest_route=%2Fwp%2Fv2%2Fmedia&parent=26443"}],"wp:term":[{"taxonomy":"category","embeddable":true,"href":"https:\/\/www.yungayino.cl\/noticias\/index.php?rest_route=%2Fwp%2Fv2%2Fcategories&post=26443"},{"taxonomy":"post_tag","embeddable":true,"href":"https:\/\/www.yungayino.cl\/noticias\/index.php?rest_route=%2Fwp%2Fv2%2Ftags&post=26443"}],"curies":[{"name":"wp","href":"https:\/\/api.w.org\/{rel}","templated":true}]}}