{"id":26465,"date":"2022-07-15T07:00:08","date_gmt":"2022-07-15T10:00:08","guid":{"rendered":"http:\/\/www.yungayino.cl\/noticias\/?p=26465"},"modified":"2022-07-12T16:15:23","modified_gmt":"2022-07-12T19:15:23","slug":"destacan-extension-del-plan-chile-apoya-con-bono-de-invierno","status":"publish","type":"post","link":"https:\/\/www.yungayino.cl\/noticias\/?p=26465","title":{"rendered":"Destacan Extensi\u00f3n del Plan Chile Apoya con Bono de Invierno"},"content":{"rendered":"<p><img loading=\"lazy\" decoding=\"async\" class=\"alignnone size-full wp-image-26466\" src=\"http:\/\/www.yungayino.cl\/noticias\/wp-content\/uploads\/2022\/07\/bono-invierno.jpg\" alt=\"\" width=\"700\" height=\"875\" srcset=\"https:\/\/www.yungayino.cl\/noticias\/wp-content\/uploads\/2022\/07\/bono-invierno.jpg 700w, https:\/\/www.yungayino.cl\/noticias\/wp-content\/uploads\/2022\/07\/bono-invierno-240x300.jpg 240w, https:\/\/www.yungayino.cl\/noticias\/wp-content\/uploads\/2022\/07\/bono-invierno-120x150.jpg 120w\" sizes=\"auto, (max-width: 700px) 100vw, 700px\" \/><\/p>\n<p style=\"text-align: justify;\">Nacional, julio 2022: El anuncio considera una serie de medidas que apuntan a beneficiar a las familias m\u00e1s vulnerables del pa\u00eds.<\/p>\n<p style=\"text-align: justify;\">Un nuevo beneficio fiscal anunci\u00f3 el Gobierno para hacer frente a la crisis econ\u00f3mica que vive el pa\u00eds. As\u00ed lo ratific\u00f3 la seremi de Gobierno, Valentina Pradenas, quien se refiri\u00f3 a la extensi\u00f3n del Plan Chile Apoya, iniciativa que busca implementar nuevas medidas sin afectar la responsabilidad fiscal.<\/p>\n<p style=\"text-align: justify;\">Entre estas destacan el Bono Chile Apoya de Invierno de $120 mil a 7.5 millones de personas, la extensi\u00f3n del IFE laboral hasta el \u00faltimo trimestre del a\u00f1o para facilitar el retorno al empleo formal de estas trabajadoras y trabajadores, la extensi\u00f3n del Permiso de Postnatal Parental por hasta 60 d\u00edas a quienes terminen su posnatal entre hoy 11 de julio y hasta el 30 de septiembre y la ampliaci\u00f3n de las postulaciones al subsidio laboral Protege hasta fin de a\u00f1o.<\/p>\n<p style=\"text-align: justify;\">En este sentido, la vocera indic\u00f3 que \u201ceste es un esfuerzo del Gobierno del Presidente Boric para enfrentar la crisis econ\u00f3mica del pa\u00eds, la que se ha visto agudizada por el escenario internacional del alza del d\u00f3lar y la guerra en Ucrania. Sabemos que el costo de la vida sigue elev\u00e1ndose, por eso estamos yendo en ayuda de quienes m\u00e1s se ven afectados\u201d, afirm\u00f3 Pradenas Andrade.<\/p>\n<p style=\"text-align: justify;\">El Bono Chile Apoya de Invierno est\u00e1 dirigido a quienes reciben la asignaci\u00f3n familiar o Subsidio \u00danico Familiar y beneficiarios de Seguridades y Oportunidades, adem\u00e1s personas mayores beneficiarias del Bono de Invierno, beneficiarios del subsidio de discapacidad mental, del Aporte Previsional Solidario (APS) y la Pensi\u00f3n B\u00e1sica Solidaria (PBS) de invalidez y del bono al trabajo de la mujer.<\/p>\n<p style=\"text-align: justify;\">A ellos se suman hogares que actualmente no reciben estos beneficios, pero que viven con un menor de edad, una persona mayor o personas en situaci\u00f3n dependencia severa, moderada o discapacidad funcional, pertenecientes al 60% m\u00e1s vulnerable del pa\u00eds. Esta medida requiere un proyecto de ley que se ingresar\u00e1.<\/p>\n<p style=\"text-align: justify;\">A su vez, para apoyar a las mujeres trabajadoras a reincorporarse con seguridad al mercado del trabajo, se mantendr\u00e1 un incentivo a su contrataci\u00f3n a trav\u00e9s del IFE laboral, se extender\u00e1n los permisos de postnatal parental que concluyan a partir de hoy 11 de julio y hasta el t\u00e9rmino de la actual emergencia sanitaria en septiembre. Esta medida requiere proyecto de ley, y se ampliar\u00e1 la postulaci\u00f3n al subsidio laboral Protege hasta fin de a\u00f1o.<\/p>\n","protected":false},"excerpt":{"rendered":"<p>Nacional, julio 2022: El anuncio considera una serie de medidas que apuntan a beneficiar a las familias m\u00e1s vulnerables del pa\u00eds. Un nuevo beneficio fiscal anunci\u00f3 el Gobierno para hacer frente a la crisis&#46;&#46;&#46;<\/p>\n","protected":false},"author":2,"featured_media":26466,"comment_status":"closed","ping_status":"open","sticky":false,"template":"","format":"standard","meta":{"footnotes":""},"categories":[1],"tags":[2216,1115,8,6,117],"class_list":["post-26465","post","type-post","status-publish","format-standard","has-post-thumbnail","hentry","category-noticias","tag-bono-invierno","tag-noticias","tag-yungay","tag-yungayino","tag-yungayinocl"],"_links":{"self":[{"href":"https:\/\/www.yungayino.cl\/noticias\/index.php?rest_route=\/wp\/v2\/posts\/26465","targetHints":{"allow":["GET"]}}],"collection":[{"href":"https:\/\/www.yungayino.cl\/noticias\/index.php?rest_route=\/wp\/v2\/posts"}],"about":[{"href":"https:\/\/www.yungayino.cl\/noticias\/index.php?rest_route=\/wp\/v2\/types\/post"}],"author":[{"embeddable":true,"href":"https:\/\/www.yungayino.cl\/noticias\/index.php?rest_route=\/wp\/v2\/users\/2"}],"replies":[{"embeddable":true,"href":"https:\/\/www.yungayino.cl\/noticias\/index.php?rest_route=%2Fwp%2Fv2%2Fcomments&post=26465"}],"version-history":[{"count":1,"href":"https:\/\/www.yungayino.cl\/noticias\/index.php?rest_route=\/wp\/v2\/posts\/26465\/revisions"}],"predecessor-version":[{"id":26467,"href":"https:\/\/www.yungayino.cl\/noticias\/index.php?rest_route=\/wp\/v2\/posts\/26465\/revisions\/26467"}],"wp:featuredmedia":[{"embeddable":true,"href":"https:\/\/www.yungayino.cl\/noticias\/index.php?rest_route=\/wp\/v2\/media\/26466"}],"wp:attachment":[{"href":"https:\/\/www.yungayino.cl\/noticias\/index.php?rest_route=%2Fwp%2Fv2%2Fmedia&parent=26465"}],"wp:term":[{"taxonomy":"category","embeddable":true,"href":"https:\/\/www.yungayino.cl\/noticias\/index.php?rest_route=%2Fwp%2Fv2%2Fcategories&post=26465"},{"taxonomy":"post_tag","embeddable":true,"href":"https:\/\/www.yungayino.cl\/noticias\/index.php?rest_route=%2Fwp%2Fv2%2Ftags&post=26465"}],"curies":[{"name":"wp","href":"https:\/\/api.w.org\/{rel}","templated":true}]}}