{"id":26468,"date":"2022-07-16T08:00:30","date_gmt":"2022-07-16T11:00:30","guid":{"rendered":"http:\/\/www.yungayino.cl\/noticias\/?p=26468"},"modified":"2022-07-12T16:17:09","modified_gmt":"2022-07-12T19:17:09","slug":"obras-de-nuevo-hospital-de-nuble-alcanzan-un-40-de-avance","status":"publish","type":"post","link":"https:\/\/www.yungayino.cl\/noticias\/?p=26468","title":{"rendered":"Obras de Nuevo Hospital de \u00d1uble Alcanzan un 40% de Avance"},"content":{"rendered":"<p><img loading=\"lazy\" decoding=\"async\" class=\"alignnone size-full wp-image-26469\" src=\"http:\/\/www.yungayino.cl\/noticias\/wp-content\/uploads\/2022\/07\/Hospital-Regional-Nuble.jpg\" alt=\"\" width=\"700\" height=\"350\" srcset=\"https:\/\/www.yungayino.cl\/noticias\/wp-content\/uploads\/2022\/07\/Hospital-Regional-Nuble.jpg 700w, https:\/\/www.yungayino.cl\/noticias\/wp-content\/uploads\/2022\/07\/Hospital-Regional-Nuble-300x150.jpg 300w\" sizes=\"auto, (max-width: 700px) 100vw, 700px\" \/><\/p>\n<p style=\"text-align: justify;\">Chill\u00e1n, julio 2022: Con el tradicional rito de los tijerales, autoridades y representantes de la comunidad constataron el progreso en la ejecuci\u00f3n del proyecto, que contempla una edificaci\u00f3n superior a los 130 mil metros cuadrados.<\/p>\n<p style=\"text-align: justify;\">A toda velocidad avanzan las obras de construcci\u00f3n del Nuevo Hospital Regional de \u00d1uble, las cuales, tras el hormigonado de su helipuerto, y con su obra gruesa terminada, cerr\u00f3 el mes de junio con un 40% de progreso.<\/p>\n<p style=\"text-align: justify;\">Una imponente edificaci\u00f3n, emplazada en Av. O\u00b4Higgins con calle Rosauro Acu\u00f1a, en Chill\u00e1n, que fue visitada por autoridades y representantes de la comunidad, en el marco del tradicional rito de los tijerales, realizado para las y los trabajadores.<\/p>\n<p style=\"text-align: justify;\">\u201cEstamos muy contentos de visitar una vez m\u00e1s, junto a autoridades, equipo directivo del servicio y representantes de nuestra comunidad, esta gran obra para nuestra regi\u00f3n de \u00d1uble, en el marco de esta t\u00edpica tradici\u00f3n chilena, a trav\u00e9s de la cual, se reconoce el trabajo de quienes han puesto todo su esfuerzo y compromiso para sacar adelante una iniciativa que permitir\u00e1 dar atenci\u00f3n de salud de calidad a cerca de 500 mil personas\u201d, destac\u00f3 la Directora (s) del Servicio de Salud \u00d1uble (SS\u00d1), Elizabeth Abarca Trivi\u00f1o.<\/p>\n<p style=\"text-align: justify;\">\u201cFue una actividad muy enriquecedora, donde la ciudadan\u00eda tambi\u00e9n pudo constatar el grado de progreso del este proyecto, que ya se transforma en una realidad, lo que es posible ver desde m\u00faltiples sectores de la ciudad\u201d, enfatiz\u00f3 la directora.<\/p>\n<p style=\"text-align: justify;\">La profesional, quien estuvo acompa\u00f1ada por el Delegado Presidencial de \u00d1uble, Claudio Ferrada, y la Seremi de Salud, Ximena Salinas, recalc\u00f3 adem\u00e1s que \u201ccomo instituci\u00f3n nos enorgullece que la inversi\u00f3n m\u00e1s grande de esta joven regi\u00f3n, en un proyecto en plena ejecuci\u00f3n, sea en salud, dando cumplimiento a los requerimientos de este territorio, satisfaciendo sus necesidades de atenci\u00f3n, con tecnolog\u00eda de primer nivel y que cobijar\u00e1 a cerca de 3 mil funcionarios y funcionarias\u201d.<\/p>\n<p style=\"text-align: justify;\">La obra, a cargo de la empresa INSO, contar\u00e1 con m\u00e1s de 130 mil metros cuadrados de moderna infraestructura, involucrando una inversi\u00f3n cercana a los 203 millones de pesos, financiados por el Ministerio de Salud, considerando tres \u00e1reas de atenci\u00f3n; ambulatoria, hospitalizaci\u00f3n y el servicio de urgencia.<\/p>\n","protected":false},"excerpt":{"rendered":"<p>Chill\u00e1n, julio 2022: Con el tradicional rito de los tijerales, autoridades y representantes de la comunidad constataron el progreso en la ejecuci\u00f3n del proyecto, que contempla una edificaci\u00f3n superior a los 130 mil metros&#46;&#46;&#46;<\/p>\n","protected":false},"author":2,"featured_media":26469,"comment_status":"closed","ping_status":"open","sticky":false,"template":"","format":"standard","meta":{"footnotes":""},"categories":[1,1676],"tags":[728,2398,1115,1678,65,8,6,117],"class_list":["post-26468","post","type-post","status-publish","format-standard","has-post-thumbnail","hentry","category-noticias","category-salud","tag-chillan","tag-hospital-regional","tag-noticias","tag-nuble","tag-salud","tag-yungay","tag-yungayino","tag-yungayinocl"],"_links":{"self":[{"href":"https:\/\/www.yungayino.cl\/noticias\/index.php?rest_route=\/wp\/v2\/posts\/26468","targetHints":{"allow":["GET"]}}],"collection":[{"href":"https:\/\/www.yungayino.cl\/noticias\/index.php?rest_route=\/wp\/v2\/posts"}],"about":[{"href":"https:\/\/www.yungayino.cl\/noticias\/index.php?rest_route=\/wp\/v2\/types\/post"}],"author":[{"embeddable":true,"href":"https:\/\/www.yungayino.cl\/noticias\/index.php?rest_route=\/wp\/v2\/users\/2"}],"replies":[{"embeddable":true,"href":"https:\/\/www.yungayino.cl\/noticias\/index.php?rest_route=%2Fwp%2Fv2%2Fcomments&post=26468"}],"version-history":[{"count":1,"href":"https:\/\/www.yungayino.cl\/noticias\/index.php?rest_route=\/wp\/v2\/posts\/26468\/revisions"}],"predecessor-version":[{"id":26470,"href":"https:\/\/www.yungayino.cl\/noticias\/index.php?rest_route=\/wp\/v2\/posts\/26468\/revisions\/26470"}],"wp:featuredmedia":[{"embeddable":true,"href":"https:\/\/www.yungayino.cl\/noticias\/index.php?rest_route=\/wp\/v2\/media\/26469"}],"wp:attachment":[{"href":"https:\/\/www.yungayino.cl\/noticias\/index.php?rest_route=%2Fwp%2Fv2%2Fmedia&parent=26468"}],"wp:term":[{"taxonomy":"category","embeddable":true,"href":"https:\/\/www.yungayino.cl\/noticias\/index.php?rest_route=%2Fwp%2Fv2%2Fcategories&post=26468"},{"taxonomy":"post_tag","embeddable":true,"href":"https:\/\/www.yungayino.cl\/noticias\/index.php?rest_route=%2Fwp%2Fv2%2Ftags&post=26468"}],"curies":[{"name":"wp","href":"https:\/\/api.w.org\/{rel}","templated":true}]}}