{"id":2651,"date":"2009-12-19T09:00:48","date_gmt":"2009-12-19T13:00:48","guid":{"rendered":"http:\/\/www.yungayino.cl\/noticias\/?p=2651"},"modified":"2009-12-23T11:52:15","modified_gmt":"2009-12-23T15:52:15","slug":"feria-comite-artesanos-%e2%80%9cmi-valle-templado-de-yungay","status":"publish","type":"post","link":"https:\/\/www.yungayino.cl\/noticias\/?p=2651","title":{"rendered":"Feria Comit\u00e9 Artesanos \u201cMi Valle Templado\u00bb de Yungay"},"content":{"rendered":"<p><img decoding=\"async\" src=\"http:\/\/www.yungayino.cl\/imagenes\/comiteartesanosyungay.jpg\" alt=\"Feria Comit\u00e9 Artesanos \u201cMi Valle Templado\" de Yungay\" \/><\/p>\n<p align=\"jusify\"><font size=\"2\">En la Plaza de nuestra comuna, frente al Liceo, se encuentra ubicada la Feria Comit\u00e9 Artesanos \u201cMi Valle Templado de Yungay\u201d, en la cual puede encontrar variados productos, que van desde ropa, accesorios, tejidos a crochet, productos Decupunge, artesania etc. Es por eso que se invita a visitar la feria donde se puede apoyar a los artesanos locales, siendo esta tambi\u00e9n una muy buena posibilidad para comprar regalitos para esta navidad y a precios muy convenientes. Dicha feria atender\u00e1 de 12:00 a 24:00 horas, hasta el d\u00eda 24 de diciembre.<br \/>\n<a href=\"http:\/\/www.yungayino.cl\/noticias\/?p=2651#comments\">Comente Aqu\u00ed<\/a><br \/>\n<a href=\"http:\/\/www.flickr.com\/photos\/45693900@N02\/tags\/artesanosdeyungay\/\">Fotograf\u00edas<\/a><\/font><\/p>\n","protected":false},"excerpt":{"rendered":"","protected":false},"author":2,"featured_media":15188,"comment_status":"open","ping_status":"open","sticky":false,"template":"","format":"standard","meta":{"footnotes":""},"categories":[1],"tags":[129,1115,8,6],"class_list":["post-2651","post","type-post","status-publish","format-standard","has-post-thumbnail","hentry","category-noticias","tag-comite-artesanos-mi-valle-templado","tag-noticias","tag-yungay","tag-yungayino"],"_links":{"self":[{"href":"https:\/\/www.yungayino.cl\/noticias\/index.php?rest_route=\/wp\/v2\/posts\/2651","targetHints":{"allow":["GET"]}}],"collection":[{"href":"https:\/\/www.yungayino.cl\/noticias\/index.php?rest_route=\/wp\/v2\/posts"}],"about":[{"href":"https:\/\/www.yungayino.cl\/noticias\/index.php?rest_route=\/wp\/v2\/types\/post"}],"author":[{"embeddable":true,"href":"https:\/\/www.yungayino.cl\/noticias\/index.php?rest_route=\/wp\/v2\/users\/2"}],"replies":[{"embeddable":true,"href":"https:\/\/www.yungayino.cl\/noticias\/index.php?rest_route=%2Fwp%2Fv2%2Fcomments&post=2651"}],"version-history":[{"count":8,"href":"https:\/\/www.yungayino.cl\/noticias\/index.php?rest_route=\/wp\/v2\/posts\/2651\/revisions"}],"predecessor-version":[{"id":2703,"href":"https:\/\/www.yungayino.cl\/noticias\/index.php?rest_route=\/wp\/v2\/posts\/2651\/revisions\/2703"}],"wp:featuredmedia":[{"embeddable":true,"href":"https:\/\/www.yungayino.cl\/noticias\/index.php?rest_route=\/wp\/v2\/media\/15188"}],"wp:attachment":[{"href":"https:\/\/www.yungayino.cl\/noticias\/index.php?rest_route=%2Fwp%2Fv2%2Fmedia&parent=2651"}],"wp:term":[{"taxonomy":"category","embeddable":true,"href":"https:\/\/www.yungayino.cl\/noticias\/index.php?rest_route=%2Fwp%2Fv2%2Fcategories&post=2651"},{"taxonomy":"post_tag","embeddable":true,"href":"https:\/\/www.yungayino.cl\/noticias\/index.php?rest_route=%2Fwp%2Fv2%2Ftags&post=2651"}],"curies":[{"name":"wp","href":"https:\/\/api.w.org\/{rel}","templated":true}]}}