{"id":26511,"date":"2022-07-27T07:00:47","date_gmt":"2022-07-27T11:00:47","guid":{"rendered":"http:\/\/www.yungayino.cl\/noticias\/?p=26511"},"modified":"2022-07-26T14:37:00","modified_gmt":"2022-07-26T18:37:00","slug":"gobierno-regional-destina-recursos-para-contribuir-a-la-prevencion-del-delito-en-nuble","status":"publish","type":"post","link":"https:\/\/www.yungayino.cl\/noticias\/?p=26511","title":{"rendered":"Gobierno Regional Destina Recursos Para Contribuir a la Prevenci\u00f3n del Delito en \u00d1uble"},"content":{"rendered":"<p><img loading=\"lazy\" decoding=\"async\" class=\"alignnone size-full wp-image-26512\" src=\"http:\/\/www.yungayino.cl\/noticias\/wp-content\/uploads\/2022\/07\/seguridad.jpg\" alt=\"\" width=\"700\" height=\"350\" srcset=\"https:\/\/www.yungayino.cl\/noticias\/wp-content\/uploads\/2022\/07\/seguridad.jpg 700w, https:\/\/www.yungayino.cl\/noticias\/wp-content\/uploads\/2022\/07\/seguridad-300x150.jpg 300w\" sizes=\"auto, (max-width: 700px) 100vw, 700px\" \/><\/p>\n<p style=\"text-align: justify;\">\u00d1uble, julio 2022: A trav\u00e9s de un convenio con la Subsecretar\u00eda de Prevenci\u00f3n del Delito, el Gobierno Regional aportar\u00e1 financiamiento que permitir\u00e1 darle continuidad al Plan Calle Segura de Televigilancia M\u00f3vil.<\/p>\n<p style=\"text-align: justify;\">El documento fue firmado por el Gobernador Cris\u00f3stomo y el Subsecretario Vergara, quien visit\u00f3 \u00d1uble. El convenio considera aportes de ambas partes por un total de $810.251.607, de los cuales el Gobierno Regional aportar\u00e1 m\u00e1s de $300 millones.<\/p>\n<p style=\"text-align: justify;\">En l\u00ednea con lo que ha sido su constante preocupaci\u00f3n por la seguridad de los \u00f1ublensinos, el Gobernador Cris\u00f3stomo concret\u00f3 durante esta jornada una nueva instancia de trabajo colaborativo para impulsar acciones en esta materia. Se trata de un convenio con la Subsecretar\u00eda de Prevenci\u00f3n del Delito, que fue suscrito por la m\u00e1xima autoridad regional y el Subsecretario Eduardo Vergara, quien estuvo de visita en \u00d1uble. Los recursos comprometidos permitir\u00e1n seguir ejecutando el Plan Calle Segura de Televigilancia M\u00f3vil.<\/p>\n<p style=\"text-align: justify;\">El convenio considera aportes de ambas partes por un total de $810.251.607, de los cuales el Gobierno Regional de \u00d1uble aportar\u00e1 $316.125.450. En detalle, el plan mencionado busca contribuir en la prevenci\u00f3n del delito y en la disminuci\u00f3n de los \u00edndices de victimizaci\u00f3n en la Regi\u00f3n de \u00d1uble.<\/p>\n<p style=\"text-align: justify;\">El Gobernador Cris\u00f3stomo explic\u00f3 que este es un programa que est\u00e1 centrado en \u00abtener vida segura, que es lo que buscamos todos y una regi\u00f3n como esta permite tener una vida segura si es que somos capaces de trabajar unitariamente teniendo un compromiso con el territorio y con su gente\u201d. Sostuvo que \u201clas acciones est\u00e1n pensadas en construir mejor y creo que esta regi\u00f3n que es la m\u00e1s joven de nuestro pa\u00eds, se merece y hemos trabajo para que la calidad de vida y el bienestar y la seguridad sean los ejes fundamentales que cimienten el trabajo\u00a0 de todos los actores de nuestra regi\u00f3n y que permitan dar tranquilidad, seguridad a nuestras familias, a nuestros ni\u00f1os y nuestras ni\u00f1as\u201d.<\/p>\n<p style=\"text-align: justify;\">Por otra parte, el subsecretario Vergara se\u00f1al\u00f3 que \u201cnuestro compromiso es que \u00d1uble sea una regi\u00f3n segura, por eso resulta muy relevante suscribir estos convenios donde como Gobierno nos comprometemos con recursos utilizando criterios de justicia territorial, ajustando los criterios a cada lugar y siempre contando con el apoyo de los Gobernadores y los Consejos Regionales que est\u00e1n cerca de las comunas y conocen mejor sus realidades\u201d<\/p>\n<p style=\"text-align: justify;\">Presidente de la Comisi\u00f3n de Desarrollo Social y Seguridad del Consejo Regional de \u00d1uble, John Polanco, se\u00f1al\u00f3 que \u201cla aprobaci\u00f3n del pleno del Consejo en aportar gran parte del financiamiento es fundamental para la continuidad y lo reitero en la seguridad debemos estar todos focalizados para construir sobre esta materia\u201d.<\/p>\n<p style=\"text-align: justify;\">El Proyecto comprende el uso de aeronaves remotamente pilotadas (drones) con c\u00e1maras de alta definici\u00f3n a fin de obtener informaci\u00f3n visual y transmitirla a una central de monitoreo ubicada en la Delegaci\u00f3n Presidencial Regional de \u00d1uble. Todo ello, con el prop\u00f3sito de prevenir el delito, detectar incivilidades, realizar patrullaje preventivo en el territorio, cubrir determinadas situaciones de emergencia y obtener medios probatorios ante delitos flagrantes.<\/p>\n<p style=\"text-align: justify;\">A la espera de anuncios<\/p>\n<p style=\"text-align: justify;\">Respecto a la visita del Subsecretario a la regi\u00f3n, el Gobernador Cris\u00f3stomo asegur\u00f3 que debe ser \u201cacompa\u00f1ada de anuncios efectivos que est\u00e9n centrados en la prevenci\u00f3n del delito, aqu\u00ed no solamente necesitamos cuatros proyectos para la regi\u00f3n como actualmente se financi\u00f3, sino que necesitamos para las 21 comunas, necesitamos mayor dotaci\u00f3n de Carabineros, reponer el parque vehicular de Carabineros y tambi\u00e9n tener un \u00e9nfasis en programas de prevenci\u00f3n que sean mucho m\u00e1s efectivos\u201d.\u00a0 Y asegur\u00f3 que \u201cfinalmente lo que esperamos del Gobierno Central es precisamente que existan anuncios que est\u00e9n centrados en materia de Seguridad P\u00fablica y la colaboraci\u00f3n siempre la van a tener desde el Gobierno Regional como lo hemos planteado desde el d\u00eda uno\u201d.<\/p>\n","protected":false},"excerpt":{"rendered":"<p>\u00d1uble, julio 2022: A trav\u00e9s de un convenio con la Subsecretar\u00eda de Prevenci\u00f3n del Delito, el Gobierno Regional aportar\u00e1 financiamiento que permitir\u00e1 darle continuidad al Plan Calle Segura de Televigilancia M\u00f3vil. El documento fue&#46;&#46;&#46;<\/p>\n","protected":false},"author":2,"featured_media":26512,"comment_status":"closed","ping_status":"open","sticky":false,"template":"","format":"standard","meta":{"footnotes":""},"categories":[1],"tags":[1115,1678,2622,686,8,6,117],"class_list":["post-26511","post","type-post","status-publish","format-standard","has-post-thumbnail","hentry","category-noticias","tag-noticias","tag-nuble","tag-prevencion-del-delito","tag-seguridad","tag-yungay","tag-yungayino","tag-yungayinocl"],"_links":{"self":[{"href":"https:\/\/www.yungayino.cl\/noticias\/index.php?rest_route=\/wp\/v2\/posts\/26511","targetHints":{"allow":["GET"]}}],"collection":[{"href":"https:\/\/www.yungayino.cl\/noticias\/index.php?rest_route=\/wp\/v2\/posts"}],"about":[{"href":"https:\/\/www.yungayino.cl\/noticias\/index.php?rest_route=\/wp\/v2\/types\/post"}],"author":[{"embeddable":true,"href":"https:\/\/www.yungayino.cl\/noticias\/index.php?rest_route=\/wp\/v2\/users\/2"}],"replies":[{"embeddable":true,"href":"https:\/\/www.yungayino.cl\/noticias\/index.php?rest_route=%2Fwp%2Fv2%2Fcomments&post=26511"}],"version-history":[{"count":2,"href":"https:\/\/www.yungayino.cl\/noticias\/index.php?rest_route=\/wp\/v2\/posts\/26511\/revisions"}],"predecessor-version":[{"id":26531,"href":"https:\/\/www.yungayino.cl\/noticias\/index.php?rest_route=\/wp\/v2\/posts\/26511\/revisions\/26531"}],"wp:featuredmedia":[{"embeddable":true,"href":"https:\/\/www.yungayino.cl\/noticias\/index.php?rest_route=\/wp\/v2\/media\/26512"}],"wp:attachment":[{"href":"https:\/\/www.yungayino.cl\/noticias\/index.php?rest_route=%2Fwp%2Fv2%2Fmedia&parent=26511"}],"wp:term":[{"taxonomy":"category","embeddable":true,"href":"https:\/\/www.yungayino.cl\/noticias\/index.php?rest_route=%2Fwp%2Fv2%2Fcategories&post=26511"},{"taxonomy":"post_tag","embeddable":true,"href":"https:\/\/www.yungayino.cl\/noticias\/index.php?rest_route=%2Fwp%2Fv2%2Ftags&post=26511"}],"curies":[{"name":"wp","href":"https:\/\/api.w.org\/{rel}","templated":true}]}}