{"id":26514,"date":"2022-07-26T08:00:26","date_gmt":"2022-07-26T12:00:26","guid":{"rendered":"http:\/\/www.yungayino.cl\/noticias\/?p=26514"},"modified":"2022-07-25T14:46:04","modified_gmt":"2022-07-25T18:46:04","slug":"gobierno-regional-y-municipalidad-de-chillan-firman-convenio-para-avanzar-en-parque-schleyer","status":"publish","type":"post","link":"https:\/\/www.yungayino.cl\/noticias\/?p=26514","title":{"rendered":"Gobierno Regional y Municipalidad de Chill\u00e1n Firman Convenio Para Avanzar en Parque Schleyer"},"content":{"rendered":"<p><img loading=\"lazy\" decoding=\"async\" class=\"alignnone size-full wp-image-26515\" src=\"http:\/\/www.yungayino.cl\/noticias\/wp-content\/uploads\/2022\/07\/parque-schleyer.jpg\" alt=\"\" width=\"700\" height=\"350\" srcset=\"https:\/\/www.yungayino.cl\/noticias\/wp-content\/uploads\/2022\/07\/parque-schleyer.jpg 700w, https:\/\/www.yungayino.cl\/noticias\/wp-content\/uploads\/2022\/07\/parque-schleyer-300x150.jpg 300w\" sizes=\"auto, (max-width: 700px) 100vw, 700px\" \/><\/p>\n<p style=\"text-align: justify;\">Chill\u00e1n, julio 2022: Este primer paso permitir\u00e1, gracias a un financiamiento conjunto de m\u00e1s de tres mil millones de pesos, la compra del terreno de la medialuna y el desarrollo del dise\u00f1o. El Gobierno Regional aportar\u00e1 m\u00e1s de 2.300 millones de pesos.<\/p>\n<p style=\"text-align: justify;\">La medialuna de Chill\u00e1n, parte del terreno donde se emplazar\u00e1 el emblem\u00e1tico proyecto Parque Schleyer, fue el escenario elegido por el Gobierno Regional y la Municipalidad de Chill\u00e1n para sellar el trabajo colaborativo entre ambas entidades, con el fin de sacar adelante esta \u00e1rea verde en beneficio de la comunidad. All\u00ed, el Gobernador \u00d3scar Cris\u00f3stomo y el alcalde Camilo Benavente firmaron el convenio por $2.303.335.000, recursos del Gobierno Regional que se sumar\u00e1n a los $1.076.160.000 aportados por el municipio para concretar la compra del inmueble y el desarrollo del dise\u00f1o para este futuro espacio urbano de m\u00e1s de dos hect\u00e1reas.<\/p>\n<p style=\"text-align: justify;\">La actividad cont\u00f3 con la participaci\u00f3n de la directiva de la Sociedad Fiesta El Caballo Chileno, quienes son propietarios del recinto; adem\u00e1s de los consejeros regionales Jezer Sep\u00falveda y Alberto Jarpa; y los concejales Br\u00edgida Hormaz\u00e1bal y Pedro S\u00e1nchez.<\/p>\n<p style=\"text-align: justify;\">Junto con destacar que es un proyecto anhelado por la comuna y la regi\u00f3n, el Gobernador Cris\u00f3stomo tambi\u00e9n agradeci\u00f3 el esfuerzo conjunto del Gobierno Regional, con la Municipalidad de Chill\u00e1n, organizaciones sociales y due\u00f1os del terreno para avanzar en esta iniciativa: \u201cAqu\u00ed tenemos un gran d\u00e9ficit de \u00e1reas verdes, por lo tanto, estamos dando espacio para que la comunidad y las familias puedan hacer vida no solamente en sus hogares, sino que tambi\u00e9n en espacios p\u00fablicos adecuados. Este espacio que hoy vemos que es el Parque Schleyer, que contar\u00e1 con cerca de dos hect\u00e1reas y media; y una inversi\u00f3n que se inicia con estos 3.300 millones de pesos para la adquisici\u00f3n y con ello, el dise\u00f1o, donde participar\u00e1 la comunidad y tambi\u00e9n queremos pedirles a otros actores importantes de la regi\u00f3n que sean parte y que se sumen para que \u00e9ste tenga un sello identitario, que d\u00e9 cuenta de su historia\u201d. Agreg\u00f3 que con este hito \u201cestamos cumpliendo con los compromisos adquiridos. No hay nada m\u00e1s importante que las instituciones cumplan\u201d.<\/p>\n<p style=\"text-align: justify;\">A su vez, el alcalde Benavente coincidi\u00f3 con el Gobernador Cris\u00f3stomo en la importancia del trabajo colaborativo y recalc\u00f3 que avanzar en esta iniciativa \u201cnos permite tener una reivindicaci\u00f3n hist\u00f3rica con la ciudad, con una familia que en su momento don\u00f3 un pa\u00f1o en el sector sur de la ciudad para un parque y que despu\u00e9s del terremoto del 39 no se pudo nunca materializar (\u2026) y hoy tenemos cerca de dos hect\u00e1reas y media, que quedan entre un peque\u00f1o terreno que tiene la Municipalidad y la medialuna; estamos tratando de avanzar con mucha fuerza en este proyecto, ya tenemos casi un 90% de avance, s\u00f3lo queda un tr\u00e1mite administrativo \u00faltimo con la Contralor\u00eda, as\u00ed que esperamos que esto se materialice el pr\u00f3ximo mes con la compra definitiva y que tanto la Sociedad Fiesta El Caballo Chileno pueda generar un\u00a0 proyecto como lo han planteado, afuera de la ciudad, y tambi\u00e9n nosotros poder materializar un proyecto de parque en conjunto con el Gobierno Regional, dise\u00f1ar algo que reivindique esta necesidad sentida que tiene la ciudad\u201d.<\/p>\n<p style=\"text-align: justify;\">Cabe destacar que el proyecto Parque Schleyer busca transformarse en un espacio para la comunidad y en el pulm\u00f3n verde del sector sur de Chill\u00e1n.<\/p>\n","protected":false},"excerpt":{"rendered":"<p>Chill\u00e1n, julio 2022: Este primer paso permitir\u00e1, gracias a un financiamiento conjunto de m\u00e1s de tres mil millones de pesos, la compra del terreno de la medialuna y el desarrollo del dise\u00f1o. El Gobierno&#46;&#46;&#46;<\/p>\n","protected":false},"author":2,"featured_media":26515,"comment_status":"closed","ping_status":"open","sticky":false,"template":"","format":"standard","meta":{"footnotes":""},"categories":[1],"tags":[728,1115,2623,8,6,117],"class_list":["post-26514","post","type-post","status-publish","format-standard","has-post-thumbnail","hentry","category-noticias","tag-chillan","tag-noticias","tag-parque-schleyer","tag-yungay","tag-yungayino","tag-yungayinocl"],"_links":{"self":[{"href":"https:\/\/www.yungayino.cl\/noticias\/index.php?rest_route=\/wp\/v2\/posts\/26514","targetHints":{"allow":["GET"]}}],"collection":[{"href":"https:\/\/www.yungayino.cl\/noticias\/index.php?rest_route=\/wp\/v2\/posts"}],"about":[{"href":"https:\/\/www.yungayino.cl\/noticias\/index.php?rest_route=\/wp\/v2\/types\/post"}],"author":[{"embeddable":true,"href":"https:\/\/www.yungayino.cl\/noticias\/index.php?rest_route=\/wp\/v2\/users\/2"}],"replies":[{"embeddable":true,"href":"https:\/\/www.yungayino.cl\/noticias\/index.php?rest_route=%2Fwp%2Fv2%2Fcomments&post=26514"}],"version-history":[{"count":2,"href":"https:\/\/www.yungayino.cl\/noticias\/index.php?rest_route=\/wp\/v2\/posts\/26514\/revisions"}],"predecessor-version":[{"id":26517,"href":"https:\/\/www.yungayino.cl\/noticias\/index.php?rest_route=\/wp\/v2\/posts\/26514\/revisions\/26517"}],"wp:featuredmedia":[{"embeddable":true,"href":"https:\/\/www.yungayino.cl\/noticias\/index.php?rest_route=\/wp\/v2\/media\/26515"}],"wp:attachment":[{"href":"https:\/\/www.yungayino.cl\/noticias\/index.php?rest_route=%2Fwp%2Fv2%2Fmedia&parent=26514"}],"wp:term":[{"taxonomy":"category","embeddable":true,"href":"https:\/\/www.yungayino.cl\/noticias\/index.php?rest_route=%2Fwp%2Fv2%2Fcategories&post=26514"},{"taxonomy":"post_tag","embeddable":true,"href":"https:\/\/www.yungayino.cl\/noticias\/index.php?rest_route=%2Fwp%2Fv2%2Ftags&post=26514"}],"curies":[{"name":"wp","href":"https:\/\/api.w.org\/{rel}","templated":true}]}}