{"id":26525,"date":"2022-07-28T07:00:13","date_gmt":"2022-07-28T11:00:13","guid":{"rendered":"http:\/\/www.yungayino.cl\/noticias\/?p=26525"},"modified":"2022-07-25T14:51:28","modified_gmt":"2022-07-25T18:51:28","slug":"gobierno-regional-dotara-con-contenedores-de-residuos-a-canchas-de-futbol-de-anfa-nuble","status":"publish","type":"post","link":"https:\/\/www.yungayino.cl\/noticias\/?p=26525","title":{"rendered":"Gobierno Regional Dotar\u00e1 con Contenedores de Residuos a Canchas de F\u00fatbol de ANFA \u00d1uble"},"content":{"rendered":"<p><img loading=\"lazy\" decoding=\"async\" class=\"alignnone size-full wp-image-26526\" src=\"http:\/\/www.yungayino.cl\/noticias\/wp-content\/uploads\/2022\/07\/futbol-amateur.jpg\" alt=\"\" width=\"700\" height=\"350\" srcset=\"https:\/\/www.yungayino.cl\/noticias\/wp-content\/uploads\/2022\/07\/futbol-amateur.jpg 700w, https:\/\/www.yungayino.cl\/noticias\/wp-content\/uploads\/2022\/07\/futbol-amateur-300x150.jpg 300w\" sizes=\"auto, (max-width: 700px) 100vw, 700px\" \/><\/p>\n<p style=\"text-align: justify;\">\u00d1uble, julio 2022: Al reci\u00e9n anunciado \u201cPlan 21 Canchas Para \u00d1uble\u201d se a\u00f1ade esta alianza virtuosa entre distintas instituciones que permitir\u00e1 la instalaci\u00f3n de puntos de reciclaje y la plantaci\u00f3n de \u00e1rboles nativos en las canchas de Anfa en \u00d1uble.<\/p>\n<p style=\"text-align: justify;\">Un nuevo aporte al deporte de la regi\u00f3n sum\u00f3 el Gobierno Regional este fin de semana al firmar un compromiso de colaboraci\u00f3n junto a la Asociaci\u00f3n Nacional de F\u00fatbol Amateur, ANFA, y distintas instituciones para el cuidado del medio ambiente. En la ocasi\u00f3n, el Gobernador Regional \u00d3scar Cris\u00f3stomo, hizo una primera entrega de contenedores de residuos para el complejo deportivo ubicado en Chill\u00e1n para en un corto plazo extender este beneficio al resto de los recintos de ANFA en \u00d1uble.<\/p>\n<p style=\"text-align: justify;\">Con esta alianza virtuosa, donde particip\u00f3 adem\u00e1s Conaf, la seremi de Medio Ambiente, la Universidad del B\u00edo \u2013 B\u00edo y la Municipalidad de Chill\u00e1n, se pudo concretar tambi\u00e9n un proyecto para plantar m\u00e1s de 30 \u00e1rboles nativos en el lugar.<\/p>\n<p style=\"text-align: justify;\">El Gobernador Cris\u00f3stomo explic\u00f3 que \u201chemos aportado para tener contenedores que nos permitan el reciclaje y la reutilizaci\u00f3n en este punto limpio que vamos a tener en nuestra comuna de Chill\u00e1n, y tambi\u00e9n estamos forestando con \u00e1rboles nativos que han sido donados por CONAF y por la Universidad del B\u00edo &#8211; B\u00edo. As\u00ed que tenemos una alianza virtuosa que nos permite complementar el deporte con el cuidado al medio ambiente y generar en este espacio, tan concurrido y tan simb\u00f3lico de nuestra regi\u00f3n, un punto de encuentro muy importante\u201d.<\/p>\n<p style=\"text-align: justify;\">Paralelamente, Fabi\u00e1n de la Barra, Presidente de ANFA \u00d1uble, valor\u00f3 \u201cser visible a las autoridades, lo est\u00e1bamos esperando desde hace bastante tiempo, sobre todo de parte de la Gobernaci\u00f3n, y eso lo hemos concretado con don \u00d3scar, con el seremi, con Conaf y la Universidad del B\u00edo \u2013 B\u00edo. Cuando se junta el deporte, hacemos una mezcla muy bonita, t\u00fa ves con ni\u00f1os participando, familias y la idea es cuidar estos \u00e1rboles que sean un cimiento para las futuras generaciones, quiz\u00e1s vamos a alcanzar a disfrutar de la sombra que nos brinden y queremos cuidarlos mucho para que estas actividades se sigan realizando\u201d. Por otra parte, agreg\u00f3 \u201clos contenedores nos van a permitir que los residuos queden en una zona donde tienen que estar y no alrededor de una cancha de f\u00fatbol (\u2026) En esta primera etapa se dot\u00f3 al complejo, pero en una segunda etapa es que estos contenedores est\u00e9n en las canchas de f\u00fatbol amateur\u201d.<\/p>\n<p style=\"text-align: justify;\">Asimismo, el director Regional de Conaf, Renzo Galgani, que \u201csomos un Gobierno que avanza en los territorios, en comunicaci\u00f3n con las comunidades y autoridades, y CONAF valora que se puedan mancomunar los trabajos de todas las instituciones, porque entendemos que es la forma en la cual estos \u00e1rboles crecer\u00e1n al alero del desarrollo de estos ni\u00f1os\u201d.<\/p>\n<p style=\"text-align: justify;\">Cabe recordar que con motivo del primer a\u00f1o de asunci\u00f3n a su cargo, el Gobernador Cris\u00f3stomo anunci\u00f3 el\u00a0 \u201cPlan 21 canchas para \u00d1uble\u201d, iniciativa que consiste en habilitar canchas para f\u00fatbol amateur para las\u00a0 21 comunas de la regi\u00f3n, beneficiando a 85 mil jugadores y jugadoras.<\/p>\n","protected":false},"excerpt":{"rendered":"<p>\u00d1uble, julio 2022: Al reci\u00e9n anunciado \u201cPlan 21 Canchas Para \u00d1uble\u201d se a\u00f1ade esta alianza virtuosa entre distintas instituciones que permitir\u00e1 la instalaci\u00f3n de puntos de reciclaje y la plantaci\u00f3n de \u00e1rboles nativos en&#46;&#46;&#46;<\/p>\n","protected":false},"author":2,"featured_media":26526,"comment_status":"closed","ping_status":"open","sticky":false,"template":"","format":"standard","meta":{"footnotes":""},"categories":[17,1],"tags":[1120,1115,1678,8,6,117],"class_list":["post-26525","post","type-post","status-publish","format-standard","has-post-thumbnail","hentry","category-deporte","category-noticias","tag-deporte","tag-noticias","tag-nuble","tag-yungay","tag-yungayino","tag-yungayinocl"],"_links":{"self":[{"href":"https:\/\/www.yungayino.cl\/noticias\/index.php?rest_route=\/wp\/v2\/posts\/26525","targetHints":{"allow":["GET"]}}],"collection":[{"href":"https:\/\/www.yungayino.cl\/noticias\/index.php?rest_route=\/wp\/v2\/posts"}],"about":[{"href":"https:\/\/www.yungayino.cl\/noticias\/index.php?rest_route=\/wp\/v2\/types\/post"}],"author":[{"embeddable":true,"href":"https:\/\/www.yungayino.cl\/noticias\/index.php?rest_route=\/wp\/v2\/users\/2"}],"replies":[{"embeddable":true,"href":"https:\/\/www.yungayino.cl\/noticias\/index.php?rest_route=%2Fwp%2Fv2%2Fcomments&post=26525"}],"version-history":[{"count":1,"href":"https:\/\/www.yungayino.cl\/noticias\/index.php?rest_route=\/wp\/v2\/posts\/26525\/revisions"}],"predecessor-version":[{"id":26527,"href":"https:\/\/www.yungayino.cl\/noticias\/index.php?rest_route=\/wp\/v2\/posts\/26525\/revisions\/26527"}],"wp:featuredmedia":[{"embeddable":true,"href":"https:\/\/www.yungayino.cl\/noticias\/index.php?rest_route=\/wp\/v2\/media\/26526"}],"wp:attachment":[{"href":"https:\/\/www.yungayino.cl\/noticias\/index.php?rest_route=%2Fwp%2Fv2%2Fmedia&parent=26525"}],"wp:term":[{"taxonomy":"category","embeddable":true,"href":"https:\/\/www.yungayino.cl\/noticias\/index.php?rest_route=%2Fwp%2Fv2%2Fcategories&post=26525"},{"taxonomy":"post_tag","embeddable":true,"href":"https:\/\/www.yungayino.cl\/noticias\/index.php?rest_route=%2Fwp%2Fv2%2Ftags&post=26525"}],"curies":[{"name":"wp","href":"https:\/\/api.w.org\/{rel}","templated":true}]}}