{"id":26545,"date":"2022-07-28T10:00:20","date_gmt":"2022-07-28T14:00:20","guid":{"rendered":"http:\/\/www.yungayino.cl\/noticias\/?p=26545"},"modified":"2022-07-28T14:08:59","modified_gmt":"2022-07-28T18:08:59","slug":"en-yungay-se-realizo-ceremonia-con-motivo-de-la-celebracion-del-dia-del-campesino-y-campesina","status":"publish","type":"post","link":"https:\/\/www.yungayino.cl\/noticias\/?p=26545","title":{"rendered":"En Yungay se Realiz\u00f3 Ceremonia con Motivo de la Celebraci\u00f3n del D\u00eda del Campesino y Campesina"},"content":{"rendered":"<p><img loading=\"lazy\" decoding=\"async\" class=\"alignnone size-full wp-image-26546\" src=\"http:\/\/www.yungayino.cl\/noticias\/wp-content\/uploads\/2022\/07\/portada-3.jpg\" alt=\"\" width=\"700\" height=\"350\" srcset=\"https:\/\/www.yungayino.cl\/noticias\/wp-content\/uploads\/2022\/07\/portada-3.jpg 700w, https:\/\/www.yungayino.cl\/noticias\/wp-content\/uploads\/2022\/07\/portada-3-300x150.jpg 300w\" sizes=\"auto, (max-width: 700px) 100vw, 700px\" \/><\/p>\n<p style=\"text-align: justify;\">Yungay, julio 2022: En el Gimnasio Multiuso de Yungay se llev\u00f3 a cabo una Ceremonia con motivo de la conmemoraci\u00f3n del D\u00eda del Campesino y Campesina, la cual estuvo marcada por el reconocimiento a quienes desde los campos, aportan lo mejor de su quehacer para la comunidad, en una fecha que recuerda la publicaci\u00f3n de las leyes de Reforma Agraria y de Sindicalizaci\u00f3n Campesina, el 28 de julio de 1967, bajo el Gobierno de Eduardo Frei Montalva.<\/p>\n<p style=\"text-align: justify;\">Asimismo, la fecha reconoce el aporte que realizan estos hombres y mujeres para generar los alimentos que llegan a los hogares de Chile, contribuyendo as\u00ed a la seguridad y soberan\u00eda alimentaria del pa\u00eds, as\u00ed lo destacaron en sus discursos tanto el Director (s) de Indap \u00d1uble, <strong>Luis Garc\u00eda<\/strong>, como el alcalde<strong> Rafael Cifuentes.<\/strong><\/p>\n<p style=\"text-align: justify;\">La actividad cont\u00f3 con la participaci\u00f3n del destacado cantante y compositor\u00a0 yungayino Rodrigo Saavedra, adem\u00e1s en la ocasi\u00f3n se hizo entrega de reconocimiento a destacados campesinas (os), tambi\u00e9n los presentes pudieron visitar la muestra del Mercado Campesino de Campanario y Yungay.<\/p>\n<p style=\"text-align: justify;\">Finalmente se\u00f1alar que tambi\u00e9n estuvieron presente el Diputado Felipe Cama\u00f1o, Ana Inostroza, Presidenta CADA Yungay, Ivonne Astrosa, Jefa Indap Yungay, Miguel Zapata en Representaci\u00f3n del Municipio de Pemuco, Am\u00e9rico Burboa, Directora Regional \u00d1uble Prodemu, Representantes y Funcionarios de Indap y Prodesal y Concejales.<\/p>\n<p>&nbsp;<\/p>\n<p style=\"text-align: justify;\">[su_button url=\u00bbhttps:\/\/web.facebook.com\/media\/set\/?vanity=yungayino.cl&amp;set=a.5894217680593222&#8243; target=\u00bbblank\u00bb size=\u00bb7&#8243; radius=\u00bbround\u00bb icon=\u00bbicon: facebook-square\u00bb]FOTOGRAF\u00cdAS &#8211; En Yungay se Realiz\u00f3 Ceremonia con Motivo de la Celebraci\u00f3n del D\u00eda del Campesino y Campesina[\/su_button]<\/p>\n","protected":false},"excerpt":{"rendered":"<p>Yungay, julio 2022: En el Gimnasio Multiuso de Yungay se llev\u00f3 a cabo una Ceremonia con motivo de la conmemoraci\u00f3n del D\u00eda del Campesino y Campesina, la cual estuvo marcada por el reconocimiento a&#46;&#46;&#46;<\/p>\n","protected":false},"author":2,"featured_media":26546,"comment_status":"closed","ping_status":"open","sticky":false,"template":"","format":"standard","meta":{"footnotes":""},"categories":[1],"tags":[720,140,1115,2630,8,6,117],"class_list":["post-26545","post","type-post","status-publish","format-standard","has-post-thumbnail","hentry","category-noticias","tag-dia-campesino","tag-indap","tag-noticias","tag-prodedal","tag-yungay","tag-yungayino","tag-yungayinocl"],"_links":{"self":[{"href":"https:\/\/www.yungayino.cl\/noticias\/index.php?rest_route=\/wp\/v2\/posts\/26545","targetHints":{"allow":["GET"]}}],"collection":[{"href":"https:\/\/www.yungayino.cl\/noticias\/index.php?rest_route=\/wp\/v2\/posts"}],"about":[{"href":"https:\/\/www.yungayino.cl\/noticias\/index.php?rest_route=\/wp\/v2\/types\/post"}],"author":[{"embeddable":true,"href":"https:\/\/www.yungayino.cl\/noticias\/index.php?rest_route=\/wp\/v2\/users\/2"}],"replies":[{"embeddable":true,"href":"https:\/\/www.yungayino.cl\/noticias\/index.php?rest_route=%2Fwp%2Fv2%2Fcomments&post=26545"}],"version-history":[{"count":4,"href":"https:\/\/www.yungayino.cl\/noticias\/index.php?rest_route=\/wp\/v2\/posts\/26545\/revisions"}],"predecessor-version":[{"id":26550,"href":"https:\/\/www.yungayino.cl\/noticias\/index.php?rest_route=\/wp\/v2\/posts\/26545\/revisions\/26550"}],"wp:featuredmedia":[{"embeddable":true,"href":"https:\/\/www.yungayino.cl\/noticias\/index.php?rest_route=\/wp\/v2\/media\/26546"}],"wp:attachment":[{"href":"https:\/\/www.yungayino.cl\/noticias\/index.php?rest_route=%2Fwp%2Fv2%2Fmedia&parent=26545"}],"wp:term":[{"taxonomy":"category","embeddable":true,"href":"https:\/\/www.yungayino.cl\/noticias\/index.php?rest_route=%2Fwp%2Fv2%2Fcategories&post=26545"},{"taxonomy":"post_tag","embeddable":true,"href":"https:\/\/www.yungayino.cl\/noticias\/index.php?rest_route=%2Fwp%2Fv2%2Ftags&post=26545"}],"curies":[{"name":"wp","href":"https:\/\/api.w.org\/{rel}","templated":true}]}}