{"id":26552,"date":"2022-07-31T20:00:28","date_gmt":"2022-08-01T00:00:28","guid":{"rendered":"http:\/\/www.yungayino.cl\/noticias\/?p=26552"},"modified":"2022-08-01T12:44:06","modified_gmt":"2022-08-01T16:44:06","slug":"alcalde-y-equipo-municipal-se-reunieron-con-seremi-de-transportes-y-telecomunicaciones","status":"publish","type":"post","link":"https:\/\/www.yungayino.cl\/noticias\/?p=26552","title":{"rendered":"Alcalde y Equipo Municipal se Reunieron con Seremi de Transportes y Telecomunicaciones"},"content":{"rendered":"<p><img loading=\"lazy\" decoding=\"async\" class=\"alignnone size-full wp-image-26553\" src=\"http:\/\/www.yungayino.cl\/noticias\/wp-content\/uploads\/2022\/08\/reunion.jpg\" alt=\"\" width=\"700\" height=\"350\" srcset=\"https:\/\/www.yungayino.cl\/noticias\/wp-content\/uploads\/2022\/08\/reunion.jpg 700w, https:\/\/www.yungayino.cl\/noticias\/wp-content\/uploads\/2022\/08\/reunion-300x150.jpg 300w\" sizes=\"auto, (max-width: 700px) 100vw, 700px\" \/><\/p>\n<p style=\"text-align: justify;\">Yungay, julio 2022: En un ameno encuentro desarrollado en la municipalidad, el alcalde, Rafael Cifuentes Rodr\u00edguez, junto al equipo t\u00e9cnico municipal, se reunieron con el seremi de transportes y telecomunicaciones, Javier Isla Figueroa, para solicitar los informes de mitigaci\u00f3n vial en torno a los proyectos Jard\u00edn Ega\u00f1a y reposici\u00f3n del Liceo de Yungay.<\/p>\n<p style=\"text-align: justify;\">El informe de mitigaci\u00f3n vial es un an\u00e1lisis que eval\u00faa el impacto del tr\u00e1fico y la densificaci\u00f3n poblacional que permite armonizar el desarrollo de proyectos con la gesti\u00f3n del espacio p\u00fablico.<\/p>\n<p style=\"text-align: justify;\">En la instancia, alcalde solicit\u00f3 la asesor\u00eda y gesti\u00f3n en torno al desarrollo de los informes ya que son necesarios para obtener los permisos de construcci\u00f3n necesarios para iniciar la ejecuci\u00f3n de los proyectos reposici\u00f3n del Liceo de Yungay y Jard\u00edn Ega\u00f1a.<\/p>\n","protected":false},"excerpt":{"rendered":"<p>Yungay, julio 2022: En un ameno encuentro desarrollado en la municipalidad, el alcalde, Rafael Cifuentes Rodr\u00edguez, junto al equipo t\u00e9cnico municipal, se reunieron con el seremi de transportes y telecomunicaciones, Javier Isla Figueroa, para&#46;&#46;&#46;<\/p>\n","protected":false},"author":2,"featured_media":26553,"comment_status":"closed","ping_status":"open","sticky":false,"template":"","format":"standard","meta":{"footnotes":""},"categories":[1],"tags":[1115,8,6,117],"class_list":["post-26552","post","type-post","status-publish","format-standard","has-post-thumbnail","hentry","category-noticias","tag-noticias","tag-yungay","tag-yungayino","tag-yungayinocl"],"_links":{"self":[{"href":"https:\/\/www.yungayino.cl\/noticias\/index.php?rest_route=\/wp\/v2\/posts\/26552","targetHints":{"allow":["GET"]}}],"collection":[{"href":"https:\/\/www.yungayino.cl\/noticias\/index.php?rest_route=\/wp\/v2\/posts"}],"about":[{"href":"https:\/\/www.yungayino.cl\/noticias\/index.php?rest_route=\/wp\/v2\/types\/post"}],"author":[{"embeddable":true,"href":"https:\/\/www.yungayino.cl\/noticias\/index.php?rest_route=\/wp\/v2\/users\/2"}],"replies":[{"embeddable":true,"href":"https:\/\/www.yungayino.cl\/noticias\/index.php?rest_route=%2Fwp%2Fv2%2Fcomments&post=26552"}],"version-history":[{"count":1,"href":"https:\/\/www.yungayino.cl\/noticias\/index.php?rest_route=\/wp\/v2\/posts\/26552\/revisions"}],"predecessor-version":[{"id":26554,"href":"https:\/\/www.yungayino.cl\/noticias\/index.php?rest_route=\/wp\/v2\/posts\/26552\/revisions\/26554"}],"wp:featuredmedia":[{"embeddable":true,"href":"https:\/\/www.yungayino.cl\/noticias\/index.php?rest_route=\/wp\/v2\/media\/26553"}],"wp:attachment":[{"href":"https:\/\/www.yungayino.cl\/noticias\/index.php?rest_route=%2Fwp%2Fv2%2Fmedia&parent=26552"}],"wp:term":[{"taxonomy":"category","embeddable":true,"href":"https:\/\/www.yungayino.cl\/noticias\/index.php?rest_route=%2Fwp%2Fv2%2Fcategories&post=26552"},{"taxonomy":"post_tag","embeddable":true,"href":"https:\/\/www.yungayino.cl\/noticias\/index.php?rest_route=%2Fwp%2Fv2%2Ftags&post=26552"}],"curies":[{"name":"wp","href":"https:\/\/api.w.org\/{rel}","templated":true}]}}