{"id":26584,"date":"2022-08-06T08:00:06","date_gmt":"2022-08-06T12:00:06","guid":{"rendered":"http:\/\/www.yungayino.cl\/noticias\/?p=26584"},"modified":"2022-08-04T18:01:23","modified_gmt":"2022-08-04T22:01:23","slug":"autoridades-invitan-a-postular-a-programas-de-renovacion-para-el-transporte-publico-con-una-inversion-de-mas-de-4-mil-millones","status":"publish","type":"post","link":"https:\/\/www.yungayino.cl\/noticias\/?p=26584","title":{"rendered":"Autoridades Invitan a Postular a Programas de Renovaci\u00f3n Para el Transporte P\u00fablico con Una Inversi\u00f3n de M\u00e1s de 4 Mil Millones"},"content":{"rendered":"<p><img loading=\"lazy\" decoding=\"async\" class=\"alignnone size-full wp-image-26585\" src=\"http:\/\/www.yungayino.cl\/noticias\/wp-content\/uploads\/2022\/08\/6.jpg\" alt=\"\" width=\"700\" height=\"350\" srcset=\"https:\/\/www.yungayino.cl\/noticias\/wp-content\/uploads\/2022\/08\/6.jpg 700w, https:\/\/www.yungayino.cl\/noticias\/wp-content\/uploads\/2022\/08\/6-300x150.jpg 300w\" sizes=\"auto, (max-width: 700px) 100vw, 700px\" \/><\/p>\n<p style=\"text-align: justify;\">\u00d1uble, agosto 2022: Desde el Gobierno Regional y en conjunto con la Seremi de Transportes y Telecomunicaciones realizaron un llamado a los operadores del transporte p\u00fablico a postular a los programas de <strong>\u201cRenueva Tu Micro\u201d<\/strong> o <strong>\u201cRenueva Tu Colectivo\u201d<\/strong> donde para la edici\u00f3n 2022 se destinar\u00e1n m\u00e1s de 4 mil millones para la renovaci\u00f3n de flota de la locomoci\u00f3n colectiva.<\/p>\n<p style=\"text-align: justify;\">\u201cComo Gobierno Regional tenemos un compromiso con la calidad de vida de los \u00f1ublensinos y con trabajar mancomunadamente por el desarrollo de la regi\u00f3n. En ese sentido, a trav\u00e9s del programa Renueva Tu Micro y Renueva Tu Colectivo, que llevamos adelante junto a la Serem\u00eda de Transportes y Telecomunicaciones, modernizaremos los veh\u00edculos para brindar un mejor servicio de transporte p\u00fablico a la comunidad, tanto urbano como rural. Es una inversi\u00f3n hist\u00f3rica de cuatro mil millones de pesos, que fue aprobada por el Consejo Regional, y que est\u00e1 disponible para invertirse en la regi\u00f3n, por lo que la invitaci\u00f3n es a <strong>postular hasta el 17 de agosto<\/strong>\u201d coment\u00f3 Alicia Contreras, Gobernadora Regional subrogante.<\/p>\n<p style=\"text-align: justify;\">La primera etapa de los programas de entrega de antecedentes est\u00e1 habilitada desde el 03 hasta el 17 de agosto. Esta postulaci\u00f3n, se debe hacer de manera presencial en la oficina de la SeremiTT, ubicada en Av. Brasil 444, en la comuna de Chill\u00e1n o tambi\u00e9n, v\u00eda correo electr\u00f3nico a ccastillo@mtt.gob.cl.<\/p>\n<p style=\"text-align: justify;\">El titular de la cartera de Transportes, Javier Isla, se\u00f1al\u00f3 que \u201cqueremos invitar a todos los operadores del transporte p\u00fablico tanto urbano como rural a postular a estos programas de renovaci\u00f3n de flota que consisten en la entrega de un subsidio para el recambio del veh\u00edculo. Modernizar la flota, hacerla m\u00e1s eficiente y amigable con el medio ambiente y con esto, mejorar el servicio de transporte p\u00fablico es uno de los focos principales que tiene el Gobierno del Presidente Gabriel Boric. Hacemos un llamado a entregar las postulaciones hasta el 17 de agosto de forma presencial en nuestra seremi o tambi\u00e9n, v\u00eda correo electr\u00f3nico\u201d.<\/p>\n<p style=\"text-align: justify;\">Una de las funciones principales del programa de renovaci\u00f3n de micros es que los buses antiguos se destruyen de esta forma, desaparecen del sistema y se puede asegurar que no vuelvan a circular en otro lugar. Por otro lado, dentro de los beneficios que obtendr\u00e1n las microempresas al renovar su veh\u00edculo, se encuentra la disminuci\u00f3n de costos de mantenci\u00f3n y el mejoramiento del rendimiento en torno al combustible. Los recursos aprobados permitir\u00e1n potenciar el sector y de esta manera, mejorar el servicio para todas las personas de la Regi\u00f3n de \u00d1uble.<\/p>\n<p style=\"text-align: justify;\">Dichos proyectos se enmarcan bajo la Ley 20.378, Ley Espejo del Transantiago, la cual busca generar una mejora en el servicio de la locomoci\u00f3n colectiva mayor y menor tanto urbana como rural. Esta iniciativa fue financiada con recursos del Gobierno Regional, y coordinada por la seremi de Transportes y Telecomunicaciones de \u00d1uble.<\/p>\n","protected":false},"excerpt":{"rendered":"<p>\u00d1uble, agosto 2022: Desde el Gobierno Regional y en conjunto con la Seremi de Transportes y Telecomunicaciones realizaron un llamado a los operadores del transporte p\u00fablico a postular a los programas de \u201cRenueva Tu&#46;&#46;&#46;<\/p>\n","protected":false},"author":2,"featured_media":26585,"comment_status":"closed","ping_status":"open","sticky":false,"template":"","format":"standard","meta":{"footnotes":""},"categories":[1],"tags":[1115,1678,2631,8,6,117],"class_list":["post-26584","post","type-post","status-publish","format-standard","has-post-thumbnail","hentry","category-noticias","tag-noticias","tag-nuble","tag-transporte","tag-yungay","tag-yungayino","tag-yungayinocl"],"_links":{"self":[{"href":"https:\/\/www.yungayino.cl\/noticias\/index.php?rest_route=\/wp\/v2\/posts\/26584","targetHints":{"allow":["GET"]}}],"collection":[{"href":"https:\/\/www.yungayino.cl\/noticias\/index.php?rest_route=\/wp\/v2\/posts"}],"about":[{"href":"https:\/\/www.yungayino.cl\/noticias\/index.php?rest_route=\/wp\/v2\/types\/post"}],"author":[{"embeddable":true,"href":"https:\/\/www.yungayino.cl\/noticias\/index.php?rest_route=\/wp\/v2\/users\/2"}],"replies":[{"embeddable":true,"href":"https:\/\/www.yungayino.cl\/noticias\/index.php?rest_route=%2Fwp%2Fv2%2Fcomments&post=26584"}],"version-history":[{"count":1,"href":"https:\/\/www.yungayino.cl\/noticias\/index.php?rest_route=\/wp\/v2\/posts\/26584\/revisions"}],"predecessor-version":[{"id":26586,"href":"https:\/\/www.yungayino.cl\/noticias\/index.php?rest_route=\/wp\/v2\/posts\/26584\/revisions\/26586"}],"wp:featuredmedia":[{"embeddable":true,"href":"https:\/\/www.yungayino.cl\/noticias\/index.php?rest_route=\/wp\/v2\/media\/26585"}],"wp:attachment":[{"href":"https:\/\/www.yungayino.cl\/noticias\/index.php?rest_route=%2Fwp%2Fv2%2Fmedia&parent=26584"}],"wp:term":[{"taxonomy":"category","embeddable":true,"href":"https:\/\/www.yungayino.cl\/noticias\/index.php?rest_route=%2Fwp%2Fv2%2Fcategories&post=26584"},{"taxonomy":"post_tag","embeddable":true,"href":"https:\/\/www.yungayino.cl\/noticias\/index.php?rest_route=%2Fwp%2Fv2%2Ftags&post=26584"}],"curies":[{"name":"wp","href":"https:\/\/api.w.org\/{rel}","templated":true}]}}