{"id":26587,"date":"2022-08-06T07:00:30","date_gmt":"2022-08-06T11:00:30","guid":{"rendered":"http:\/\/www.yungayino.cl\/noticias\/?p=26587"},"modified":"2022-08-04T18:02:50","modified_gmt":"2022-08-04T22:02:50","slug":"julio-se-fue-con-buenos-numeros-episodios-criticos-disminuyeron-un-25-en-comparacion-al-ano-anterior","status":"publish","type":"post","link":"https:\/\/www.yungayino.cl\/noticias\/?p=26587","title":{"rendered":"Julio se Fue con Buenos N\u00fameros: Episodios Cr\u00edticos Disminuyeron un 25% en Comparaci\u00f3n al A\u00f1o Anterior"},"content":{"rendered":"<p><img loading=\"lazy\" decoding=\"async\" class=\"alignnone size-full wp-image-26588\" src=\"http:\/\/www.yungayino.cl\/noticias\/wp-content\/uploads\/2022\/08\/CALIDAD-AIRE.jpg\" alt=\"\" width=\"700\" height=\"336\" srcset=\"https:\/\/www.yungayino.cl\/noticias\/wp-content\/uploads\/2022\/08\/CALIDAD-AIRE.jpg 700w, https:\/\/www.yungayino.cl\/noticias\/wp-content\/uploads\/2022\/08\/CALIDAD-AIRE-300x144.jpg 300w, https:\/\/www.yungayino.cl\/noticias\/wp-content\/uploads\/2022\/08\/CALIDAD-AIRE-313x150.jpg 313w\" sizes=\"auto, (max-width: 700px) 100vw, 700px\" \/><\/p>\n<p style=\"text-align: justify;\">\u00d1uble, agosto 2022: Chill\u00e1n y Chill\u00e1n Viejo contin\u00faan con n\u00fameros positivos respecto a episodios cr\u00edticos registrados para el periodo abril-julio, en comparaci\u00f3n al mismo periodo del a\u00f1o anterior, enmarcado en la Gesti\u00f3n de Episodios Cr\u00edticos (GEC) para la Intercomuna.<\/p>\n<p style=\"text-align: justify;\">Desde el inicio a la GEC 2022, que se extiende desde el 1 de abril hasta el 31 de julio, se han registrado 32 episodios en l\u00ednea con los 33 episodios decretados, cifra que contin\u00faa por debajo de lo registrado en 2021 en el mismo per\u00edodo, que present\u00f3 43 d\u00edas con episodios cr\u00edticos. En julio de este a\u00f1o, estos episodios fueron 8 en comparaci\u00f3n a los 12 registrados en 2021.<\/p>\n<p style=\"text-align: justify;\">A la fecha, se ha registrado una baja en los episodios cr\u00edticos de pre-emergencia y emergencia en comparaci\u00f3n al a\u00f1o anterior, con 23 episodios de pre-emergencia en 2021 y 7 en 2022. Adem\u00e1s, se evidenciaron 8 de emergencia en 2021 y 6 en 2022, lo que representa, adem\u00e1s, una baja en su intensidad.<\/p>\n<p style=\"text-align: justify;\">El Seremi del Medio Ambiente de \u00d1uble, Mario Rivas, se\u00f1alo que \u201cesper\u00e1bamos un julio m\u00e1s complejo en relaci\u00f3n a las condiciones de ventilaci\u00f3n y precipitaciones, sin embargo, se present\u00f3 un escenario mejor al pronosticado, lo que influy\u00f3 en la calidad de aire del mes que reci\u00e9n pas\u00f3. Esta es una buena noticia, porque para el gobierno del Presidente Gabriel Boric la calidad del aire y de vida de nuestros vecinos es fundamental\u201d.<\/p>\n<p style=\"text-align: justify;\">El jefe de la cartera de Medio Ambiente en la zona tambi\u00e9n destac\u00f3 que la ciudadan\u00eda esta m\u00e1s informada y que la calidad del aire es una de las tem\u00e1ticas ambientales relevantes. \u201cTenemos consultas desde la poblaci\u00f3n sobre el estado de la calidad de aire, de las medidas y del Programa de Recambio de Calefactores, lo que muestra un verdadero inter\u00e9s en estos temas, lo que es muy importante, ya que la cooperaci\u00f3n de la comunidad es clave para continuar con mejorar la calidad de aire\u201d.<\/p>\n<p style=\"text-align: justify;\">Respecto a lo que se viene, el Seremi se\u00f1al\u00f3 que \u201cse espera que para las primeras semanas de agosto se presenten nuevos episodios cr\u00edticos, por la baja en las temperaturas, pero a medida que avanza el mes mejorar\u00e1n las condiciones de ventilaci\u00f3n. De momento tenemos mejores n\u00fameros que a\u00f1os previos, lo que es positivo, pero tambi\u00e9n es un trabajo permanente que debemos continuar con fuerza y es por ello que siempre reforzaremos el llamado a la comunidad, para que use de forma correcta sus calefactores, evitando siempre la le\u00f1a h\u00fameda y mantener el tiraje de aire abierto totalmente, eso es importante para una buena combusti\u00f3n con menos emisiones\u201d.<\/p>\n<p style=\"text-align: justify;\">San Carlos y Bulnes<\/p>\n<p style=\"text-align: justify;\">Para el caso de San Carlos, a la fecha se han registrado un total de 23 episodios, correspondiente a 15 de Alerta y 8 de Pre-emergencia. No existe registro validado de la Estaci\u00f3n en 2021, por lo que, considerando los datos exploratorios, tambi\u00e9n indican una disminuci\u00f3n en el n\u00famero de episodios, lo que est\u00e1 en l\u00ednea con las condiciones presentadas para el territorio.<\/p>\n<p style=\"text-align: justify;\">Finalmente, la estaci\u00f3n exploratoria instalada en Bulnes no presenta episodios cr\u00edticos, utilizando de referencia la metodolog\u00eda de medias m\u00f3viles de 24 horas, desde su instalaci\u00f3n en mediados de julio hasta la fecha. Cabe recordar que este es un equipo exploratorio de toma de datos referenciales para la potencial instalaci\u00f3n de una estaci\u00f3n de monitoreo de MP2,5.<\/p>\n","protected":false},"excerpt":{"rendered":"<p>\u00d1uble, agosto 2022: Chill\u00e1n y Chill\u00e1n Viejo contin\u00faan con n\u00fameros positivos respecto a episodios cr\u00edticos registrados para el periodo abril-julio, en comparaci\u00f3n al mismo periodo del a\u00f1o anterior, enmarcado en la Gesti\u00f3n de Episodios&#46;&#46;&#46;<\/p>\n","protected":false},"author":2,"featured_media":26588,"comment_status":"closed","ping_status":"open","sticky":false,"template":"","format":"standard","meta":{"footnotes":""},"categories":[1],"tags":[904,1115,1678,8,6,117],"class_list":["post-26587","post","type-post","status-publish","format-standard","has-post-thumbnail","hentry","category-noticias","tag-medio-ambiente","tag-noticias","tag-nuble","tag-yungay","tag-yungayino","tag-yungayinocl"],"_links":{"self":[{"href":"https:\/\/www.yungayino.cl\/noticias\/index.php?rest_route=\/wp\/v2\/posts\/26587","targetHints":{"allow":["GET"]}}],"collection":[{"href":"https:\/\/www.yungayino.cl\/noticias\/index.php?rest_route=\/wp\/v2\/posts"}],"about":[{"href":"https:\/\/www.yungayino.cl\/noticias\/index.php?rest_route=\/wp\/v2\/types\/post"}],"author":[{"embeddable":true,"href":"https:\/\/www.yungayino.cl\/noticias\/index.php?rest_route=\/wp\/v2\/users\/2"}],"replies":[{"embeddable":true,"href":"https:\/\/www.yungayino.cl\/noticias\/index.php?rest_route=%2Fwp%2Fv2%2Fcomments&post=26587"}],"version-history":[{"count":2,"href":"https:\/\/www.yungayino.cl\/noticias\/index.php?rest_route=\/wp\/v2\/posts\/26587\/revisions"}],"predecessor-version":[{"id":26590,"href":"https:\/\/www.yungayino.cl\/noticias\/index.php?rest_route=\/wp\/v2\/posts\/26587\/revisions\/26590"}],"wp:featuredmedia":[{"embeddable":true,"href":"https:\/\/www.yungayino.cl\/noticias\/index.php?rest_route=\/wp\/v2\/media\/26588"}],"wp:attachment":[{"href":"https:\/\/www.yungayino.cl\/noticias\/index.php?rest_route=%2Fwp%2Fv2%2Fmedia&parent=26587"}],"wp:term":[{"taxonomy":"category","embeddable":true,"href":"https:\/\/www.yungayino.cl\/noticias\/index.php?rest_route=%2Fwp%2Fv2%2Fcategories&post=26587"},{"taxonomy":"post_tag","embeddable":true,"href":"https:\/\/www.yungayino.cl\/noticias\/index.php?rest_route=%2Fwp%2Fv2%2Ftags&post=26587"}],"curies":[{"name":"wp","href":"https:\/\/api.w.org\/{rel}","templated":true}]}}