{"id":26591,"date":"2022-08-07T07:00:15","date_gmt":"2022-08-07T11:00:15","guid":{"rendered":"http:\/\/www.yungayino.cl\/noticias\/?p=26591"},"modified":"2022-08-04T18:04:28","modified_gmt":"2022-08-04T22:04:28","slug":"centro-diurno-comunitario-de-yungay-se-renueva-por-dos-anos","status":"publish","type":"post","link":"https:\/\/www.yungayino.cl\/noticias\/?p=26591","title":{"rendered":"Centro Diurno Comunitario de Yungay se Renueva Por Dos A\u00f1os"},"content":{"rendered":"<p><img loading=\"lazy\" decoding=\"async\" class=\"alignnone size-full wp-image-26592\" src=\"http:\/\/www.yungayino.cl\/noticias\/wp-content\/uploads\/2022\/08\/centro-diurno.jpg\" alt=\"\" width=\"700\" height=\"350\" srcset=\"https:\/\/www.yungayino.cl\/noticias\/wp-content\/uploads\/2022\/08\/centro-diurno.jpg 700w, https:\/\/www.yungayino.cl\/noticias\/wp-content\/uploads\/2022\/08\/centro-diurno-300x150.jpg 300w\" sizes=\"auto, (max-width: 700px) 100vw, 700px\" \/><\/p>\n<p style=\"text-align: justify;\">Yungay, agosto 2022: Renovaci\u00f3n del convenio con SENAMA para el funcionamiento del centro diurno comunitario para la atenci\u00f3n de Adultos Mayores.<\/p>\n<p style=\"text-align: justify;\">El centro, que inici\u00f3 su atenci\u00f3n en plena pandemia, tiene el objetivo de promover y fortalecer la autonom\u00eda e independencia de las personas mayores para contribuir a retrasar su p\u00e9rdida de funcionalidad, entreg\u00e1ndoles temporalmente, servicios sociales y sanitarios.<\/p>\n<p style=\"text-align: justify;\">Las profesionales del centro diurno han intervenido a 48 adultos mayores, para los que se han ofrecido una serie de talleres de acuerdo a un plan de intervenci\u00f3n individual para cada participante.<\/p>\n<p style=\"text-align: justify;\">En un inicio, el programa tendr\u00eda una duraci\u00f3n de dos a\u00f1os pero, debido a la demanda y su gran \u00e9xito en la comuna, \u00a1fue renovado para los a\u00f1os 2023 y 2024!<\/p>\n<p style=\"text-align: justify;\">\u00abEs realmente significativo el trabajo que realizan las profesionales, quienes no s\u00f3lo ofrecen sus servicios sino que tambi\u00e9n cari\u00f1o y alegr\u00eda a quienes participan, algo que nos tiene orgullosos\u00bb coment\u00f3 el alcalde, Rafael Cifuentes Rodr\u00edguez.<\/p>\n<p style=\"text-align: justify;\">Durante la peque\u00f1a intervenci\u00f3n que pretend\u00eda comunicar la buena noticia a los participantes, la autoridad local aprovech\u00f3 de felicitar a las profesionales por su gran trabajo y dedicaci\u00f3n.<\/p>\n","protected":false},"excerpt":{"rendered":"<p>Yungay, agosto 2022: Renovaci\u00f3n del convenio con SENAMA para el funcionamiento del centro diurno comunitario para la atenci\u00f3n de Adultos Mayores. El centro, que inici\u00f3 su atenci\u00f3n en plena pandemia, tiene el objetivo de&#46;&#46;&#46;<\/p>\n","protected":false},"author":2,"featured_media":26592,"comment_status":"closed","ping_status":"open","sticky":false,"template":"","format":"standard","meta":{"footnotes":""},"categories":[1],"tags":[57,2510,1115,8,6,117],"class_list":["post-26591","post","type-post","status-publish","format-standard","has-post-thumbnail","hentry","category-noticias","tag-adultos-mayores","tag-centro-diurno","tag-noticias","tag-yungay","tag-yungayino","tag-yungayinocl"],"_links":{"self":[{"href":"https:\/\/www.yungayino.cl\/noticias\/index.php?rest_route=\/wp\/v2\/posts\/26591","targetHints":{"allow":["GET"]}}],"collection":[{"href":"https:\/\/www.yungayino.cl\/noticias\/index.php?rest_route=\/wp\/v2\/posts"}],"about":[{"href":"https:\/\/www.yungayino.cl\/noticias\/index.php?rest_route=\/wp\/v2\/types\/post"}],"author":[{"embeddable":true,"href":"https:\/\/www.yungayino.cl\/noticias\/index.php?rest_route=\/wp\/v2\/users\/2"}],"replies":[{"embeddable":true,"href":"https:\/\/www.yungayino.cl\/noticias\/index.php?rest_route=%2Fwp%2Fv2%2Fcomments&post=26591"}],"version-history":[{"count":1,"href":"https:\/\/www.yungayino.cl\/noticias\/index.php?rest_route=\/wp\/v2\/posts\/26591\/revisions"}],"predecessor-version":[{"id":26593,"href":"https:\/\/www.yungayino.cl\/noticias\/index.php?rest_route=\/wp\/v2\/posts\/26591\/revisions\/26593"}],"wp:featuredmedia":[{"embeddable":true,"href":"https:\/\/www.yungayino.cl\/noticias\/index.php?rest_route=\/wp\/v2\/media\/26592"}],"wp:attachment":[{"href":"https:\/\/www.yungayino.cl\/noticias\/index.php?rest_route=%2Fwp%2Fv2%2Fmedia&parent=26591"}],"wp:term":[{"taxonomy":"category","embeddable":true,"href":"https:\/\/www.yungayino.cl\/noticias\/index.php?rest_route=%2Fwp%2Fv2%2Fcategories&post=26591"},{"taxonomy":"post_tag","embeddable":true,"href":"https:\/\/www.yungayino.cl\/noticias\/index.php?rest_route=%2Fwp%2Fv2%2Ftags&post=26591"}],"curies":[{"name":"wp","href":"https:\/\/api.w.org\/{rel}","templated":true}]}}