{"id":26594,"date":"2022-08-07T08:00:38","date_gmt":"2022-08-07T12:00:38","guid":{"rendered":"http:\/\/www.yungayino.cl\/noticias\/?p=26594"},"modified":"2022-08-04T18:06:44","modified_gmt":"2022-08-04T22:06:44","slug":"fondos-cultura-abre-su-convocatoria-2023-con-foco-en-la-reactivacion-economica-genero-y-territorialidad","status":"publish","type":"post","link":"https:\/\/www.yungayino.cl\/noticias\/?p=26594","title":{"rendered":"Fondos Cultura Abre su Convocatoria 2023 con Foco en la Reactivaci\u00f3n Econ\u00f3mica, G\u00e9nero y Territorialidad"},"content":{"rendered":"<p><img loading=\"lazy\" decoding=\"async\" class=\"alignnone size-full wp-image-26595\" src=\"http:\/\/www.yungayino.cl\/noticias\/wp-content\/uploads\/2022\/08\/4.jpg\" alt=\"\" width=\"700\" height=\"350\" srcset=\"https:\/\/www.yungayino.cl\/noticias\/wp-content\/uploads\/2022\/08\/4.jpg 700w, https:\/\/www.yungayino.cl\/noticias\/wp-content\/uploads\/2022\/08\/4-300x150.jpg 300w\" sizes=\"auto, (max-width: 700px) 100vw, 700px\" \/><\/p>\n<p style=\"text-align: justify;\">Nacional, agosto 2022: Con especial \u00e9nfasis en la mejora de las condiciones laborales de las trabajadoras y trabajadores del sector, esta versi\u00f3n representa una transici\u00f3n de Fondos Cultura con miras a la implementaci\u00f3n de un pr\u00f3ximo Sistema Nacional de Financiamiento Cultural. El Ministerio de las Culturas, las Artes y el Patrimonio opt\u00f3 por simplificar las l\u00edneas de postulaci\u00f3n, eliminar la duplicidad de financiamiento y facilitar la postulaci\u00f3n de las y los creadores nacionales.<\/p>\n<p style=\"text-align: justify;\">Se trata adem\u00e1s de la primera vez en que el Fondo de Artes Esc\u00e9nicas fue trabajado en conjunto con el Consejo Nacional de Artes Esc\u00e9nicas.<\/p>\n<p style=\"text-align: justify;\">Con \u00e9nfasis en la reactivaci\u00f3n inclusiva, territorialidad y enfoques de g\u00e9nero, adem\u00e1s de la\u00a0 simplificaci\u00f3n y mayor orientaci\u00f3n para los postulantes en el proceso, este martes el Ministerio de las Culturas, las Artes y el Patrimonio abri\u00f3 la convocatoria 2023 de los Fondos Cultura, versi\u00f3n que a trav\u00e9s de sus cinco fondos y 46 l\u00edneas entregar\u00e1 m\u00e1s de $34 mil millones ($34.141.179.392) para el financiamiento de proyectos culturales y art\u00edsticos de todas las regiones del pa\u00eds.<\/p>\n<p style=\"text-align: justify;\">\u201cLos fondos de cultura son un instrumento ic\u00f3nico e hist\u00f3rico que este a\u00f1o presenta todas las transformaciones que pudimos realizar dado el contexto presupuestario. Profundizamos el enfoque de g\u00e9nero en todos los fondos, eliminamos la etapa de admisibilidad que solo era una barrera para segregar y, por primera vez, las Becas Chile Crea permitir\u00e1n rendir gastos de cuidado de ni\u00f1as, ni\u00f1os y ni\u00f1es en etapa preescolar y escolar b\u00e1sica, lo que representa un primer paso para reconocer los cuidados como una actividad, y tambi\u00e9n para ponernos al d\u00eda con la responsabilidad que nos compete para permitir que quienes cuidan, que son en su gran mayor\u00eda mujeres, puedan estudiar y recibir el apoyo que requieren\u201d, destac\u00f3 la subsecretaria de las Culturas y las Artes, Andrea Guti\u00e9rrez V\u00e1squez.<\/p>\n<p style=\"text-align: justify;\">La convocatoria 2023 apelar\u00e1 tambi\u00e9n a mejorar las condiciones de participaci\u00f3n de mujeres en los proyectos. Dentro de las medidas contempladas est\u00e1 la ampliaci\u00f3n de criterios asociados al g\u00e9nero, donde las mujeres puedan -por ejemplo- desarrollar roles de los que han sido excluidas hist\u00f3ricamente, y la modificaci\u00f3n del concepto \u201ccurr\u00edculo\u201d, dado que muchas veces las mujeres se ven impedidas de realizar una carrera de forma sostenida al mismo tiempo que los hombres.<\/p>\n<p style=\"text-align: justify;\">Otro \u00e9nfasis es la priorizaci\u00f3n de iniciativas que tengan un alto impacto social, comunitario y sectorial, lo que significar\u00e1 priorizar la selecci\u00f3n de agentes sectoriales que tengan un importante v\u00ednculo con las comunidades y el territorio. En esta materia se integran cuotas de selecci\u00f3n por regi\u00f3n, que aseguren la adjudicaci\u00f3n de a lo menos un proyecto regional con puntaje elegible y adicionalmente se presentan l\u00edneas con selecci\u00f3n por macrozona.<\/p>\n<p style=\"text-align: justify;\">Desde la regi\u00f3n de \u00d1uble, la seremi Scarlet Hidalgo Jara enfatiz\u00f3 en que \u201clos proyectos regionales no solo podr\u00e1n postular a los 272 millones de pesos de nuestro Fondart Regional, tambi\u00e9n tendr\u00e1n la posibilidad de postular a los fondos sectoriales asegurando que tendremos representatividad regional si se cumple con el puntaje elegible, es decir, la competencia ser\u00e1 mucho m\u00e1s equilibrada con la regi\u00f3n Metropolitana. Es importante destacar que todas las modificaciones que traen los Fondos de Cultura este a\u00f1o responden a las demandas que los agentes culturales han tenido durante a\u00f1os\u201d.<\/p>\n<p style=\"text-align: justify;\">Para agilizar el proceso de postulaci\u00f3n y lograr que todos los proyectos que cumplan con las condiciones sean evaluados, se elimina la etapa de admisibilidad. Solo quedar\u00e1n fuera de bases aquellas iniciativas que, por ejemplo, no cumplan con el anonimato exigido y\/o con los derechos autorales, o que sus integrantes presenten incompatibilidades u otros requisitos de relevancia.<\/p>\n<p style=\"text-align: justify;\">DETALLE POR FONDO<\/p>\n<p style=\"text-align: justify;\">El Fondo Nacional de Desarrollo Cultural y las Artes 2023, en sus convocatorias Fondart Nacional y Fondart Regional, tiene un presupuesto de $5.740 millones ($5.739.600.668) y $6.615 millones ($6.615.138.724), respectivamente. Este \u00faltimo registra un crecimiento de un 12% respecto del a\u00f1o anterior.<\/p>\n<p style=\"text-align: justify;\">Esta versi\u00f3n representa una transici\u00f3n de Fondos Cultura con miras a la implementaci\u00f3n de un pr\u00f3ximo Sistema Nacional de Financiamiento Cultural. Este a\u00f1o se da inicio a este cambio con un Fondo de Transici\u00f3n que simplifica las l\u00edneas de postulaci\u00f3n, elimina la duplicidad de financiamiento y permite facilitar la postulaci\u00f3n de las y los creadores nacionales.<\/p>\n<p style=\"text-align: justify;\">El Fondo de Artes Esc\u00e9nicas 2023 y sus 10 l\u00edneas tendr\u00e1n un presupuesto total de $4.193 millones ($4.193.000.000). Esta es la primera convocatoria trabajada en conjunto con el Consejo Nacional de Artes Esc\u00e9nicas, que prioriz\u00f3 criterios de selecci\u00f3n que potencien la reactivaci\u00f3n inclusiva del sector y la equidad territorial. As\u00ed, por ejemplo, se crea la modalidad de Apoyo a la Programaci\u00f3n en Espacios Esc\u00e9nicos, que apunta a fomentar la empleabilidad del sector a trav\u00e9s de la contrataci\u00f3n de artistas, agrupaciones y\/o compa\u00f1\u00edas de las artes esc\u00e9nicas y la reapertura de espacios, mediante la asignaci\u00f3n de al menos un 70% del presupuesto al pago de contratos laborales.<\/p>\n<p style=\"text-align: justify;\">As\u00ed tambi\u00e9n, se crea la modalidad de Festivales y Encuentros de Trayectoria, la que entregar\u00e1 financiamiento a iniciativas que cuenten con al menos seis versiones anteriores y que contribuyan a la difusi\u00f3n, profesionalizaci\u00f3n y articulaci\u00f3n de redes y alianzas tanto a nivel nacional como internacional. En la L\u00ednea de Creaci\u00f3n y Producci\u00f3n de Montajes Esc\u00e9nicos se incorpora el criterio de v\u00ednculo con el territorio de ejecuci\u00f3n, tanto de la persona responsable como del equipo de trabajo, estableciendo que un 50% de los integrantes debe residir en la regi\u00f3n donde se desarrolla el proyecto.<\/p>\n<p style=\"text-align: justify;\">El Fondo del Libro y la Lectura 2023 y sus seis l\u00edneas cuenta con un presupuesto total de $5.875 millones ($5.875.000.000). Como parte del cumplimiento de los lineamientos transversales, contempla la priorizaci\u00f3n de iniciativas que tengan alto impacto comunitario y territorial, como es el caso de festivales, ferias del libro y bibliotecas populares. La convocatoria incorpora en la L\u00ednea de Fomento a la Lectura criterios de inclusividad, privilegiando iniciativas que involucren audiodescripci\u00f3n, sistema braille, lengua de se\u00f1as y\/o subt\u00edtulos descriptivos destinados a la inclusi\u00f3n de personas con discapacidad visual y\/o auditiva.<\/p>\n<p style=\"text-align: justify;\">La convocatoria 2023 del Fondo de la M\u00fasica y sus ocho l\u00edneas contempla un presupuesto total de $3.875 millones ($3.875.000.000). Entre las principales novedades est\u00e1 la idea de fomentar la selecci\u00f3n de grupos y comunidades que han estado hist\u00f3ricamente relegadas en el ecosistema musical, como las mujeres y agentes de regiones distintas a la Metropolitana, mediante la implementaci\u00f3n de cuotas de selecci\u00f3n y modalidades regionales. Asimismo, se podr\u00e1n mejorar las condiciones salariales de los seleccionados y seleccionadas mediante el aumento de los montos m\u00e1ximos por proyecto y la incorporaci\u00f3n de un criterio expl\u00edcito para priorizar la contrataci\u00f3n de agentes sectoriales.<\/p>\n<p style=\"text-align: justify;\">El Fondo Audiovisual 2023 y sus 12 l\u00edneas contar\u00e1 con un presupuesto total de $7.843 millones ($7.843.440.000). Las principales novedades contemplan la creaci\u00f3n de l\u00edneas de Videojuegos y Audiovisual Interactivo o Experimental y la l\u00ednea de Webseries, que incluye todos los procesos de creaci\u00f3n y producci\u00f3n. Adem\u00e1s, en la l\u00ednea de Investigaci\u00f3n se incluyen criterios de selecci\u00f3n para proyectos que aborden la participaci\u00f3n femenina en producciones cinematogr\u00e1ficas, adem\u00e1s del panorama actual de la distribuci\u00f3n de cine en contexto de crisis sanitaria, pensando en la globalidad de las plataformas disponibles en la actualidad.<\/p>\n<p style=\"text-align: justify;\">Postulaciones disponibles en <a href=\"http:\/\/www.fondoscultura.cl\">www.fondoscultura.cl<\/a> (se debe estar inscrito en Perfil Cultura).<\/p>\n<p style=\"text-align: justify;\">Las fechas de cierre de los fondos son:<\/p>\n<ul style=\"text-align: justify;\">\n<li>Becas Chile Crea: jueves 1 de septiembre.<\/li>\n<li>Fondo de la M\u00fasica: viernes 2 de septiembre.<\/li>\n<li>Fondo del Libro \u2013 L\u00ednea Creaci\u00f3n: mi\u00e9rcoles 7 de septiembre.<\/li>\n<li>Fondo del Libro \u2013 otras l\u00edneas: jueves 8 de septiembre.<\/li>\n<li>Fondart Nacional: viernes 9 de septiembre.<\/li>\n<li>Fondart Regional: lunes 12 de septiembre.<\/li>\n<li>Fondo de Artes Esc\u00e9nicas: martes 13 de septiembre.<\/li>\n<li>Fondo Audiovisual: jueves 15 de septiembre.<\/li>\n<\/ul>\n<p style=\"text-align: justify;\">Cr\u00e9ditos Foto: Fondart Bordadoras de Ninhue: promoci\u00f3n de capacidades para fortalecer y potenciar el patrimonio artesanal de Ninhue. Paz Quintana L\u00f3pez y Karina Chacano Aguilera.<\/p>\n<p>&nbsp;<\/p>\n<p><img loading=\"lazy\" decoding=\"async\" class=\"size-full wp-image-26596 aligncenter\" src=\"http:\/\/www.yungayino.cl\/noticias\/wp-content\/uploads\/2022\/08\/5.jpg\" alt=\"\" width=\"700\" height=\"350\" srcset=\"https:\/\/www.yungayino.cl\/noticias\/wp-content\/uploads\/2022\/08\/5.jpg 700w, https:\/\/www.yungayino.cl\/noticias\/wp-content\/uploads\/2022\/08\/5-300x150.jpg 300w\" sizes=\"auto, (max-width: 700px) 100vw, 700px\" \/><\/p>\n","protected":false},"excerpt":{"rendered":"<p>Nacional, agosto 2022: Con especial \u00e9nfasis en la mejora de las condiciones laborales de las trabajadoras y trabajadores del sector, esta versi\u00f3n representa una transici\u00f3n de Fondos Cultura con miras a la implementaci\u00f3n de&#46;&#46;&#46;<\/p>\n","protected":false},"author":2,"featured_media":26595,"comment_status":"closed","ping_status":"open","sticky":false,"template":"","format":"standard","meta":{"footnotes":""},"categories":[1],"tags":[2294,1115,1678,8,6,117],"class_list":["post-26594","post","type-post","status-publish","format-standard","has-post-thumbnail","hentry","category-noticias","tag-cultura","tag-noticias","tag-nuble","tag-yungay","tag-yungayino","tag-yungayinocl"],"_links":{"self":[{"href":"https:\/\/www.yungayino.cl\/noticias\/index.php?rest_route=\/wp\/v2\/posts\/26594","targetHints":{"allow":["GET"]}}],"collection":[{"href":"https:\/\/www.yungayino.cl\/noticias\/index.php?rest_route=\/wp\/v2\/posts"}],"about":[{"href":"https:\/\/www.yungayino.cl\/noticias\/index.php?rest_route=\/wp\/v2\/types\/post"}],"author":[{"embeddable":true,"href":"https:\/\/www.yungayino.cl\/noticias\/index.php?rest_route=\/wp\/v2\/users\/2"}],"replies":[{"embeddable":true,"href":"https:\/\/www.yungayino.cl\/noticias\/index.php?rest_route=%2Fwp%2Fv2%2Fcomments&post=26594"}],"version-history":[{"count":2,"href":"https:\/\/www.yungayino.cl\/noticias\/index.php?rest_route=\/wp\/v2\/posts\/26594\/revisions"}],"predecessor-version":[{"id":26598,"href":"https:\/\/www.yungayino.cl\/noticias\/index.php?rest_route=\/wp\/v2\/posts\/26594\/revisions\/26598"}],"wp:featuredmedia":[{"embeddable":true,"href":"https:\/\/www.yungayino.cl\/noticias\/index.php?rest_route=\/wp\/v2\/media\/26595"}],"wp:attachment":[{"href":"https:\/\/www.yungayino.cl\/noticias\/index.php?rest_route=%2Fwp%2Fv2%2Fmedia&parent=26594"}],"wp:term":[{"taxonomy":"category","embeddable":true,"href":"https:\/\/www.yungayino.cl\/noticias\/index.php?rest_route=%2Fwp%2Fv2%2Fcategories&post=26594"},{"taxonomy":"post_tag","embeddable":true,"href":"https:\/\/www.yungayino.cl\/noticias\/index.php?rest_route=%2Fwp%2Fv2%2Ftags&post=26594"}],"curies":[{"name":"wp","href":"https:\/\/api.w.org\/{rel}","templated":true}]}}