{"id":26603,"date":"2022-08-08T07:00:57","date_gmt":"2022-08-08T11:00:57","guid":{"rendered":"http:\/\/www.yungayino.cl\/noticias\/?p=26603"},"modified":"2022-08-07T19:51:42","modified_gmt":"2022-08-07T23:51:42","slug":"servicio-de-salud-nuble-conmemoro-su-43-aniversario","status":"publish","type":"post","link":"https:\/\/www.yungayino.cl\/noticias\/?p=26603","title":{"rendered":"Servicio de Salud \u00d1uble Conmemor\u00f3 su 43\u00b0 Aniversario"},"content":{"rendered":"<p><img loading=\"lazy\" decoding=\"async\" class=\"alignnone size-full wp-image-26604\" src=\"http:\/\/www.yungayino.cl\/noticias\/wp-content\/uploads\/2022\/08\/Aniversario-Servicio-de-Salud-Nuble-123.jpg\" alt=\"\" width=\"700\" height=\"466\" srcset=\"https:\/\/www.yungayino.cl\/noticias\/wp-content\/uploads\/2022\/08\/Aniversario-Servicio-de-Salud-Nuble-123.jpg 700w, https:\/\/www.yungayino.cl\/noticias\/wp-content\/uploads\/2022\/08\/Aniversario-Servicio-de-Salud-Nuble-123-300x200.jpg 300w, https:\/\/www.yungayino.cl\/noticias\/wp-content\/uploads\/2022\/08\/Aniversario-Servicio-de-Salud-Nuble-123-225x150.jpg 225w\" sizes=\"auto, (max-width: 700px) 100vw, 700px\" \/><\/p>\n<p style=\"text-align: justify;\">\u00d1uble, agosto 2022: La instituci\u00f3n celebr\u00f3 un nuevo a\u00f1o dando cuenta de los principales hitos, relevando los pr\u00f3ximos desaf\u00edos que deber\u00e1 abordar y destacando el trabajo de todos sus funcionarios y funcionarias.<\/p>\n<p style=\"text-align: justify;\">Cuarenta y tres a\u00f1os entregando salud a las familias de la Regi\u00f3n conmemor\u00f3, el Servicio de Salud \u00d1uble (SS\u00d1). En este nuevo aniversario, autoridades regionales y funcionarios de la organizaci\u00f3n se reunieron para renovar su compromiso por una mejor salud p\u00fablica.<\/p>\n<p style=\"text-align: justify;\">Una jornada para el reencuentro y reconocimiento de la trayectoria de trabajadores y trabajadoras que han demostrado su vocaci\u00f3n de servicio. Instancia propicia adem\u00e1s en la que la Directora (s) del SS\u00d1, Elizabeth Abarca Trivi\u00f1o, destac\u00f3 los principales hitos de la historia institucional y abord\u00f3 los desaf\u00edos que enfrenta para seguir fortaleciendo la red asistencial y construir una mejor salud para \u00d1uble.<\/p>\n<p style=\"text-align: justify;\">La autoridad expres\u00f3 que \u201choy estamos terminando nuestra semana aniversario, con esta solemne instancia junto a las autoridades y funcionarios. Ha sido un a\u00f1o tremendo, de muchos logros y tambi\u00e9n desaf\u00edos. Destacar el compromiso de las y los funcionarios, en un a\u00f1o dif\u00edcil tambi\u00e9n producto de la reactivaci\u00f3n, de todos los resabios que nos ha dejado la pandemia, pero que sin duda lo tomamos con compromiso para poder seguir adelante en todo lo que dejamos de hacer y todo lo que ahora hay que hacer. Estamos con la energ\u00eda, con equipos super motivados para poder seguir avanzando, con importantes desaf\u00edos, concluyendo obras e iniciativas que estaban pendientes y que benefician a nuestra comunidad\u201d.<\/p>\n<p style=\"text-align: justify;\">Un agradecimiento a cada uno de los miembros de la familia del Servicio de Salud \u00d1uble realiz\u00f3 la directiva, quien en materia de gesti\u00f3n destac\u00f3 que, \u201cel desaf\u00edo de disminuir los tiempos que las personas esperan por una atenci\u00f3n de salud. En colaboraci\u00f3n con el Gobierno Regional, con el apoyo de los Consejeros y Consejeras esperamos seguir avanzando, satisfaciendo las necesidades de las y los \u00f1ublensinos\u201d, recalc\u00f3 la Directiva.<\/p>\n<p style=\"text-align: justify;\">Destacan proyectos como el Nuevo Hospital Regional de \u00d1uble, que registra un 41% de avanza, y la construcci\u00f3n del Cesfam Ultraestaci\u00f3n que presenta un considerable progreso.<\/p>\n<p style=\"text-align: justify;\">Reconocimiento a la trayectoria funcionaria<\/p>\n<p style=\"text-align: justify;\">Uno de los momentos m\u00e1s emotivos de la actividad fue la entrega de reconocimientos por la trayectoria funcionaria. En esta oportunidad fueron 11 los galardonados, quienes en el desarrollo de sus labores han sido fundamentales en el posicionamiento de la instituci\u00f3n.<\/p>\n<p style=\"text-align: justify;\">En esta oportunidad recibieron el respeto y aplauso de sus pares, Giselle Zagal Reyes, Walter Garrido Pereira y Mar\u00eda Soledad Gonz\u00e1les Rivas, fueron reconocidos por sus 30 a\u00f1os de servicio. Jos\u00e9 Mu\u00f1oz Molina, quien cumpli\u00f3 35 a\u00f1os en sus labores funcionarias. Dila Pe\u00f1a Palma, D\u00e9bora Figueroa Soto y Magaly de la Fuente Gu\u00ed\u00f1ez, destacadas por sus 40 a\u00f1os de trayectoria. Mariela Mu\u00f1oz Pe\u00f1a y Juan Carlos P\u00e9rez Troncoso, galardonados 44 y 45 a\u00f1os respectivamente. Y en las premiadas con m\u00e1s a\u00f1os de servicio Viviana M\u00e9ndez Villarroel con 48 a\u00f1os, y Fresia orellana Fuentealba con 51 a\u00f1os de vida institucional.<\/p>\n<p style=\"text-align: justify;\">Una instancia en la que principalmente se relev\u00f3 la labor realizada por el equipo del SS\u00d1, acercando la salud a las personas, llegando hasta los rincones m\u00e1s apartados, con prestaciones y una atenci\u00f3n de calidad.<\/p>\n","protected":false},"excerpt":{"rendered":"<p>\u00d1uble, agosto 2022: La instituci\u00f3n celebr\u00f3 un nuevo a\u00f1o dando cuenta de los principales hitos, relevando los pr\u00f3ximos desaf\u00edos que deber\u00e1 abordar y destacando el trabajo de todos sus funcionarios y funcionarias. Cuarenta y&#46;&#46;&#46;<\/p>\n","protected":false},"author":2,"featured_media":26605,"comment_status":"closed","ping_status":"open","sticky":false,"template":"","format":"standard","meta":{"footnotes":""},"categories":[1,1676],"tags":[1115,1678,65,8,6,117],"class_list":["post-26603","post","type-post","status-publish","format-standard","has-post-thumbnail","hentry","category-noticias","category-salud","tag-noticias","tag-nuble","tag-salud","tag-yungay","tag-yungayino","tag-yungayinocl"],"_links":{"self":[{"href":"https:\/\/www.yungayino.cl\/noticias\/index.php?rest_route=\/wp\/v2\/posts\/26603","targetHints":{"allow":["GET"]}}],"collection":[{"href":"https:\/\/www.yungayino.cl\/noticias\/index.php?rest_route=\/wp\/v2\/posts"}],"about":[{"href":"https:\/\/www.yungayino.cl\/noticias\/index.php?rest_route=\/wp\/v2\/types\/post"}],"author":[{"embeddable":true,"href":"https:\/\/www.yungayino.cl\/noticias\/index.php?rest_route=\/wp\/v2\/users\/2"}],"replies":[{"embeddable":true,"href":"https:\/\/www.yungayino.cl\/noticias\/index.php?rest_route=%2Fwp%2Fv2%2Fcomments&post=26603"}],"version-history":[{"count":2,"href":"https:\/\/www.yungayino.cl\/noticias\/index.php?rest_route=\/wp\/v2\/posts\/26603\/revisions"}],"predecessor-version":[{"id":26607,"href":"https:\/\/www.yungayino.cl\/noticias\/index.php?rest_route=\/wp\/v2\/posts\/26603\/revisions\/26607"}],"wp:featuredmedia":[{"embeddable":true,"href":"https:\/\/www.yungayino.cl\/noticias\/index.php?rest_route=\/wp\/v2\/media\/26605"}],"wp:attachment":[{"href":"https:\/\/www.yungayino.cl\/noticias\/index.php?rest_route=%2Fwp%2Fv2%2Fmedia&parent=26603"}],"wp:term":[{"taxonomy":"category","embeddable":true,"href":"https:\/\/www.yungayino.cl\/noticias\/index.php?rest_route=%2Fwp%2Fv2%2Fcategories&post=26603"},{"taxonomy":"post_tag","embeddable":true,"href":"https:\/\/www.yungayino.cl\/noticias\/index.php?rest_route=%2Fwp%2Fv2%2Ftags&post=26603"}],"curies":[{"name":"wp","href":"https:\/\/api.w.org\/{rel}","templated":true}]}}