{"id":26617,"date":"2022-08-11T08:00:01","date_gmt":"2022-08-11T12:00:01","guid":{"rendered":"http:\/\/www.yungayino.cl\/noticias\/?p=26617"},"modified":"2022-08-10T15:54:12","modified_gmt":"2022-08-10T19:54:12","slug":"adultos-mayores-iniciaron-viaje-a-los-angeles-y-alrededores","status":"publish","type":"post","link":"https:\/\/www.yungayino.cl\/noticias\/?p=26617","title":{"rendered":"Adultos Mayores Iniciaron Viaje a Los \u00c1ngeles y Alrededores"},"content":{"rendered":"<p><img loading=\"lazy\" decoding=\"async\" class=\"alignnone size-full wp-image-26618\" src=\"http:\/\/www.yungayino.cl\/noticias\/wp-content\/uploads\/2022\/08\/adultos-mayores-a-los-angeles.jpg\" alt=\"\" width=\"700\" height=\"350\" srcset=\"https:\/\/www.yungayino.cl\/noticias\/wp-content\/uploads\/2022\/08\/adultos-mayores-a-los-angeles.jpg 700w, https:\/\/www.yungayino.cl\/noticias\/wp-content\/uploads\/2022\/08\/adultos-mayores-a-los-angeles-300x150.jpg 300w\" sizes=\"auto, (max-width: 700px) 100vw, 700px\" \/><\/p>\n<p style=\"text-align: justify;\">Yungay, agosto 2022: Hoy iniciaron viaje los adultos mayores de nuestra comuna, qui\u00e9nes por 3 d\u00edas y 2 noches disfrutar\u00e1n de las bondades de Los \u00c1ngeles y sus alrededores.<\/p>\n<p style=\"text-align: justify;\">El Alcalde, Rafael Cifuentes, junto a Jefa Dideco, Pamela Jeldes, despidieron a los adultos mayores y les desearon mucho \u00e9xito y que disfruten de este maravilloso destino, su gastronom\u00eda, cultura y patrimonio.<\/p>\n<p style=\"text-align: justify;\">El Programa Vacaciones de Tercera Edad de SERNATUR es realizado con la colaboraci\u00f3n de la Municipalidad de Yungay.<\/p>\n","protected":false},"excerpt":{"rendered":"<p>Yungay, agosto 2022: Hoy iniciaron viaje los adultos mayores de nuestra comuna, qui\u00e9nes por 3 d\u00edas y 2 noches disfrutar\u00e1n de las bondades de Los \u00c1ngeles y sus alrededores. El Alcalde, Rafael Cifuentes, junto&#46;&#46;&#46;<\/p>\n","protected":false},"author":2,"featured_media":26618,"comment_status":"closed","ping_status":"open","sticky":false,"template":"","format":"standard","meta":{"footnotes":""},"categories":[1],"tags":[57,1115,1128,8,6,117],"class_list":["post-26617","post","type-post","status-publish","format-standard","has-post-thumbnail","hentry","category-noticias","tag-adultos-mayores","tag-noticias","tag-sernatur","tag-yungay","tag-yungayino","tag-yungayinocl"],"_links":{"self":[{"href":"https:\/\/www.yungayino.cl\/noticias\/index.php?rest_route=\/wp\/v2\/posts\/26617","targetHints":{"allow":["GET"]}}],"collection":[{"href":"https:\/\/www.yungayino.cl\/noticias\/index.php?rest_route=\/wp\/v2\/posts"}],"about":[{"href":"https:\/\/www.yungayino.cl\/noticias\/index.php?rest_route=\/wp\/v2\/types\/post"}],"author":[{"embeddable":true,"href":"https:\/\/www.yungayino.cl\/noticias\/index.php?rest_route=\/wp\/v2\/users\/2"}],"replies":[{"embeddable":true,"href":"https:\/\/www.yungayino.cl\/noticias\/index.php?rest_route=%2Fwp%2Fv2%2Fcomments&post=26617"}],"version-history":[{"count":1,"href":"https:\/\/www.yungayino.cl\/noticias\/index.php?rest_route=\/wp\/v2\/posts\/26617\/revisions"}],"predecessor-version":[{"id":26619,"href":"https:\/\/www.yungayino.cl\/noticias\/index.php?rest_route=\/wp\/v2\/posts\/26617\/revisions\/26619"}],"wp:featuredmedia":[{"embeddable":true,"href":"https:\/\/www.yungayino.cl\/noticias\/index.php?rest_route=\/wp\/v2\/media\/26618"}],"wp:attachment":[{"href":"https:\/\/www.yungayino.cl\/noticias\/index.php?rest_route=%2Fwp%2Fv2%2Fmedia&parent=26617"}],"wp:term":[{"taxonomy":"category","embeddable":true,"href":"https:\/\/www.yungayino.cl\/noticias\/index.php?rest_route=%2Fwp%2Fv2%2Fcategories&post=26617"},{"taxonomy":"post_tag","embeddable":true,"href":"https:\/\/www.yungayino.cl\/noticias\/index.php?rest_route=%2Fwp%2Fv2%2Ftags&post=26617"}],"curies":[{"name":"wp","href":"https:\/\/api.w.org\/{rel}","templated":true}]}}