{"id":26620,"date":"2022-08-12T07:00:23","date_gmt":"2022-08-12T11:00:23","guid":{"rendered":"http:\/\/www.yungayino.cl\/noticias\/?p=26620"},"modified":"2022-08-11T15:56:30","modified_gmt":"2022-08-11T19:56:30","slug":"feria-infantil-por-los-derechos-de-los-ninos-y-ninas-se-celebro-en-yungay","status":"publish","type":"post","link":"https:\/\/www.yungayino.cl\/noticias\/?p=26620","title":{"rendered":"Feria Infantil por los Derechos de los Ni\u00f1os y Ni\u00f1as se Celebr\u00f3 en Yungay"},"content":{"rendered":"<p><img loading=\"lazy\" decoding=\"async\" class=\"alignnone size-full wp-image-26621\" src=\"http:\/\/www.yungayino.cl\/noticias\/wp-content\/uploads\/2022\/08\/ninos.jpg\" alt=\"\" width=\"700\" height=\"350\" srcset=\"https:\/\/www.yungayino.cl\/noticias\/wp-content\/uploads\/2022\/08\/ninos.jpg 700w, https:\/\/www.yungayino.cl\/noticias\/wp-content\/uploads\/2022\/08\/ninos-300x150.jpg 300w\" sizes=\"auto, (max-width: 700px) 100vw, 700px\" \/><\/p>\n<p style=\"text-align: justify;\">Yungay, agosto 2022: Este jueves el multiuso se visti\u00f3 de colores y juegos para celebrar una gran feria infantil convocada por la Oficina de Protecci\u00f3n de Derechos de Infancia (Opd Laja Diguillin), el Programa Chile Crece Contigo de Yungay y la Red de Infancia.<\/p>\n<p style=\"text-align: justify;\">Con el objetivo de relevar los derechos de la infancia y concientizar a la comunidad sobre el respeto hacia ellos, m\u00e1s de 10 instituciones presentaron atractivos stands informativos y juegos especialmente dirigidos a los m\u00e1s peque\u00f1os.<\/p>\n<p style=\"text-align: justify;\">Fueron cientos de ni\u00f1os de entre 4 y 6 a\u00f1os de todos los establecimientos educacionales de la comuna los que visitaron cada actividad que las diferentes organizaciones prepararon para la ocasi\u00f3n: pintacaritas, pintamuro, libros, desaf\u00edos deportivos, entre otros.<\/p>\n<p style=\"text-align: justify;\">Las autoridades comunales fueron sorprendidas por la gran convocatoria de los m\u00e1s peque\u00f1os y destacaron el esfuerzo que los organizadores realizan cada a\u00f1o para montar el evento tan enriquecedor.<\/p>\n<p style=\"text-align: justify;\">\u00abEste a\u00f1o sumamos una gran cantidad de instituciones a las que les agradecemos su asistencia a este evento, queda demostrado su compromiso con nuestros ni\u00f1os y ni\u00f1as\u00bb, mencion\u00f3 el alcalde, Rafael Cifuentes Rodr\u00edguez.<\/p>\n<p style=\"text-align: justify;\">\n","protected":false},"excerpt":{"rendered":"<p>Yungay, agosto 2022: Este jueves el multiuso se visti\u00f3 de colores y juegos para celebrar una gran feria infantil convocada por la Oficina de Protecci\u00f3n de Derechos de Infancia (Opd Laja Diguillin), el Programa&#46;&#46;&#46;<\/p>\n","protected":false},"author":2,"featured_media":26621,"comment_status":"closed","ping_status":"open","sticky":false,"template":"","format":"standard","meta":{"footnotes":""},"categories":[1],"tags":[2632,1115,8,6,117],"class_list":["post-26620","post","type-post","status-publish","format-standard","has-post-thumbnail","hentry","category-noticias","tag-derechos-ninos-y-ninas","tag-noticias","tag-yungay","tag-yungayino","tag-yungayinocl"],"_links":{"self":[{"href":"https:\/\/www.yungayino.cl\/noticias\/index.php?rest_route=\/wp\/v2\/posts\/26620","targetHints":{"allow":["GET"]}}],"collection":[{"href":"https:\/\/www.yungayino.cl\/noticias\/index.php?rest_route=\/wp\/v2\/posts"}],"about":[{"href":"https:\/\/www.yungayino.cl\/noticias\/index.php?rest_route=\/wp\/v2\/types\/post"}],"author":[{"embeddable":true,"href":"https:\/\/www.yungayino.cl\/noticias\/index.php?rest_route=\/wp\/v2\/users\/2"}],"replies":[{"embeddable":true,"href":"https:\/\/www.yungayino.cl\/noticias\/index.php?rest_route=%2Fwp%2Fv2%2Fcomments&post=26620"}],"version-history":[{"count":1,"href":"https:\/\/www.yungayino.cl\/noticias\/index.php?rest_route=\/wp\/v2\/posts\/26620\/revisions"}],"predecessor-version":[{"id":26622,"href":"https:\/\/www.yungayino.cl\/noticias\/index.php?rest_route=\/wp\/v2\/posts\/26620\/revisions\/26622"}],"wp:featuredmedia":[{"embeddable":true,"href":"https:\/\/www.yungayino.cl\/noticias\/index.php?rest_route=\/wp\/v2\/media\/26621"}],"wp:attachment":[{"href":"https:\/\/www.yungayino.cl\/noticias\/index.php?rest_route=%2Fwp%2Fv2%2Fmedia&parent=26620"}],"wp:term":[{"taxonomy":"category","embeddable":true,"href":"https:\/\/www.yungayino.cl\/noticias\/index.php?rest_route=%2Fwp%2Fv2%2Fcategories&post=26620"},{"taxonomy":"post_tag","embeddable":true,"href":"https:\/\/www.yungayino.cl\/noticias\/index.php?rest_route=%2Fwp%2Fv2%2Ftags&post=26620"}],"curies":[{"name":"wp","href":"https:\/\/api.w.org\/{rel}","templated":true}]}}