{"id":26632,"date":"2022-08-29T07:00:06","date_gmt":"2022-08-29T11:00:06","guid":{"rendered":"http:\/\/www.yungayino.cl\/noticias\/?p=26632"},"modified":"2022-08-23T17:51:46","modified_gmt":"2022-08-23T21:51:46","slug":"el-597-de-las-nublensinas-eligen-la-lactancia-materna-exclusiva","status":"publish","type":"post","link":"https:\/\/www.yungayino.cl\/noticias\/?p=26632","title":{"rendered":"El 59,7% de las \u00d1ublensinas Eligen la Lactancia Materna Exclusiva"},"content":{"rendered":"<p><img loading=\"lazy\" decoding=\"async\" class=\"alignnone size-full wp-image-26633\" src=\"http:\/\/www.yungayino.cl\/noticias\/wp-content\/uploads\/2022\/08\/lactancia-materna.jpg\" alt=\"\" width=\"700\" height=\"350\" srcset=\"https:\/\/www.yungayino.cl\/noticias\/wp-content\/uploads\/2022\/08\/lactancia-materna.jpg 700w, https:\/\/www.yungayino.cl\/noticias\/wp-content\/uploads\/2022\/08\/lactancia-materna-300x150.jpg 300w\" sizes=\"auto, (max-width: 700px) 100vw, 700px\" \/><\/p>\n<p style=\"text-align: justify;\">\u00d1uble, agosto 2022: Diguill\u00edn es la provincia que registra el mayor porcentaje de mujeres que optan por amamantar a su hijo o hija de forma exclusiva durante los 6 primeros meses de vida.<\/p>\n<p style=\"text-align: justify;\">Agosto es el mes en que se conmemora la Semana Mundial de la Lactancia Materna, siendo la instancia propicia para recalcar la importancia que tiene crear un entorno que permita a las mujeres optar por amamantar de manera exclusiva, hasta los 6 meses de vida, y continuar con lactancia materna hasta los 2 a\u00f1os o m\u00e1s.<\/p>\n<p style=\"text-align: justify;\">Una fecha que busca crear conciencia y estimular esta pr\u00e1ctica que destaca por los diversos beneficios que otorga tanto a la madre como a los beb\u00e9s, proporcionando los nutrientes necesarios para su saludable crecimiento y desarrollo.<\/p>\n<p style=\"text-align: justify;\">\u201cComo Servicio de Salud estamos conscientes de lo relevante que es que el trabajo de nuestros equipos especializados se oriente a promover la importancia de la lactancia, considerando su relevancia en el desarrollo de las y los reci\u00e9n nacidos. Es por ello que el levantamiento peri\u00f3dico de informaci\u00f3n, y las permanentes acciones de apoyo y educativas realizadas desde los distintos dispositivos de salud, cumplen un rol fundamental en la materia, considerando que el 59,7% de las mujeres en \u00d1uble opta por el amamantamiento exclusivo durante los primeros meses de vida\u201d, recalc\u00f3 la Directora (s) del Servicio de Salud \u00d1uble (SS\u00d1), Elizabeth Abarca Trivi\u00f1o.<\/p>\n<p style=\"text-align: justify;\">Por su parte, Jimena Rodr\u00edguez Baeza, nutricionista, Encargada (s) de Lactancia Materna de la Direcci\u00f3n de Atenci\u00f3n Primaria del SS\u00d1, destac\u00f3 que \u201csabemos que los n\u00fameros en \u00d1uble nos acompa\u00f1an, pero se necesita continuar potenciando el llamado sobre la importancia que es esta forma de alimentaci\u00f3n, la que no tan solo favorece al hijo o hija, sino que tambi\u00e9n a la madre, que adem\u00e1s de reforzar el v\u00ednculo afectivo, disminuye el riesgo de desarrollar c\u00e1ncer de ovario o mama\u201d.<\/p>\n<p style=\"text-align: justify;\">La profesional adem\u00e1s enfatiz\u00f3 que, \u201cmundialmente se reconocen los m\u00faltiples beneficios que trae esta pr\u00e1ctica para los lactantes, ya que promueve una nutrici\u00f3n ideal para los ni\u00f1os y ni\u00f1as, adem\u00e1s de reducir la severidad de enfermedades infectocontagiosas, y aportar a la reducci\u00f3n de morbilidad y mortalidad infantil.<\/p>\n<p style=\"text-align: justify;\">Los efectos de la pandemia<\/p>\n<p style=\"text-align: justify;\">La pandemia por COVID-19 ha incrementado las inequidades y la inseguridad alimentaria, por ello es muy significativo reforzar que los beb\u00e9s que se son amamantados exclusivamente por la madre, los primeros 6 meses, tienen menos probabilidades de sufrir s\u00edntomas respiratorios graves cuando se enferman, disminuyendo la mortalidad por neumon\u00eda y reduciendo el riesgo de infecci\u00f3n baja durante el primer a\u00f1o de vida.<\/p>\n<p style=\"text-align: justify;\">Cabe recordar que este 2019 se promulg\u00f3 la ley 21.155 que establece medidas de protecci\u00f3n a la lactancia materna y su ejercicio, por ello cobra mayor relevancia el trabajo desarrollado por los equipos de salud de la red, el que ha permitido tener buenos indicadores a nivel regional.<\/p>\n","protected":false},"excerpt":{"rendered":"<p>\u00d1uble, agosto 2022: Diguill\u00edn es la provincia que registra el mayor porcentaje de mujeres que optan por amamantar a su hijo o hija de forma exclusiva durante los 6 primeros meses de vida. Agosto&#46;&#46;&#46;<\/p>\n","protected":false},"author":2,"featured_media":26633,"comment_status":"closed","ping_status":"open","sticky":false,"template":"","format":"standard","meta":{"footnotes":""},"categories":[1,1676],"tags":[1115,1678,8,6,117],"class_list":["post-26632","post","type-post","status-publish","format-standard","has-post-thumbnail","hentry","category-noticias","category-salud","tag-noticias","tag-nuble","tag-yungay","tag-yungayino","tag-yungayinocl"],"_links":{"self":[{"href":"https:\/\/www.yungayino.cl\/noticias\/index.php?rest_route=\/wp\/v2\/posts\/26632","targetHints":{"allow":["GET"]}}],"collection":[{"href":"https:\/\/www.yungayino.cl\/noticias\/index.php?rest_route=\/wp\/v2\/posts"}],"about":[{"href":"https:\/\/www.yungayino.cl\/noticias\/index.php?rest_route=\/wp\/v2\/types\/post"}],"author":[{"embeddable":true,"href":"https:\/\/www.yungayino.cl\/noticias\/index.php?rest_route=\/wp\/v2\/users\/2"}],"replies":[{"embeddable":true,"href":"https:\/\/www.yungayino.cl\/noticias\/index.php?rest_route=%2Fwp%2Fv2%2Fcomments&post=26632"}],"version-history":[{"count":2,"href":"https:\/\/www.yungayino.cl\/noticias\/index.php?rest_route=\/wp\/v2\/posts\/26632\/revisions"}],"predecessor-version":[{"id":26635,"href":"https:\/\/www.yungayino.cl\/noticias\/index.php?rest_route=\/wp\/v2\/posts\/26632\/revisions\/26635"}],"wp:featuredmedia":[{"embeddable":true,"href":"https:\/\/www.yungayino.cl\/noticias\/index.php?rest_route=\/wp\/v2\/media\/26633"}],"wp:attachment":[{"href":"https:\/\/www.yungayino.cl\/noticias\/index.php?rest_route=%2Fwp%2Fv2%2Fmedia&parent=26632"}],"wp:term":[{"taxonomy":"category","embeddable":true,"href":"https:\/\/www.yungayino.cl\/noticias\/index.php?rest_route=%2Fwp%2Fv2%2Fcategories&post=26632"},{"taxonomy":"post_tag","embeddable":true,"href":"https:\/\/www.yungayino.cl\/noticias\/index.php?rest_route=%2Fwp%2Fv2%2Ftags&post=26632"}],"curies":[{"name":"wp","href":"https:\/\/api.w.org\/{rel}","templated":true}]}}