{"id":26640,"date":"2022-08-17T07:00:08","date_gmt":"2022-08-17T11:00:08","guid":{"rendered":"http:\/\/www.yungayino.cl\/noticias\/?p=26640"},"modified":"2022-08-15T21:03:49","modified_gmt":"2022-08-16T01:03:49","slug":"mesa-regional-de-parcelaciones-irregulares-refuerza-lineamientos-para-enfrentar-problematica-en-nuble","status":"publish","type":"post","link":"https:\/\/www.yungayino.cl\/noticias\/?p=26640","title":{"rendered":"Mesa Regional de Parcelaciones Irregulares Refuerza Lineamientos Para Enfrentar Problem\u00e1tica en \u00d1uble"},"content":{"rendered":"<p><img loading=\"lazy\" decoding=\"async\" class=\"alignnone size-full wp-image-26641\" src=\"http:\/\/www.yungayino.cl\/noticias\/wp-content\/uploads\/2022\/08\/mesa-trabajo.jpg\" alt=\"\" width=\"700\" height=\"350\" srcset=\"https:\/\/www.yungayino.cl\/noticias\/wp-content\/uploads\/2022\/08\/mesa-trabajo.jpg 700w, https:\/\/www.yungayino.cl\/noticias\/wp-content\/uploads\/2022\/08\/mesa-trabajo-300x150.jpg 300w\" sizes=\"auto, (max-width: 700px) 100vw, 700px\" \/><\/p>\n<p style=\"text-align: justify;\">\u00d1uble, agosto 2022: En la tercera reuni\u00f3n convocada por CONAF se abord\u00f3 el marco normativo y lineamientos del Ministerio de Agricultura, se revis\u00f3 un mapa de \u00e1reas silvestres protegidas y se acord\u00f3 el traspaso de la coordinaci\u00f3n al SAG.<\/p>\n<p style=\"text-align: justify;\">Avanzan las coordinaciones para la detecci\u00f3n de subdivisiones irregulares de predios forestales, agr\u00edcolas o ganaderos en \u00d1uble, a partir de la mesa intersectorial que acaba de tener su tercera reuni\u00f3n, tras ser convocada a fines de mayo por la direcci\u00f3n regional de la Corporaci\u00f3n Nacional Forestal (Conaf).<\/p>\n<p style=\"text-align: justify;\">La instancia est\u00e1 integrada adem\u00e1s por las seremis de Medio Ambiente, Vivienda y Urbanismo, el Servicio Agr\u00edcola y Ganadero (SAG), la Superintendencia de Medio Ambiente (SMA) y el Servicio de Evaluaci\u00f3n Ambiental (SEA).<\/p>\n<p style=\"text-align: justify;\">En la tercera reuni\u00f3n profundizaron en el marco t\u00e9cnico jur\u00eddico para enfrentar la problem\u00e1tica de loteos que cambian el uso de suelo para proyectos irregulares de urbanizaci\u00f3n, se abord\u00f3 adem\u00e1s el rol vinculante de los servicios p\u00fablicos en materias de fiscalizaci\u00f3n y prevenci\u00f3n, y se ahond\u00f3 en un catastro de \u00e1reas silvestres protegidas.<\/p>\n<p style=\"text-align: justify;\">Renzo Galgani, director regional de CONAF \u00d1uble, indic\u00f3 que \u201cesta mesa convocada por la Corporaci\u00f3n ha ido consolidando sus facultades a partir de la revisi\u00f3n de la normativa vigente y nuevos lineamientos que ha instruido el Ministerio de Agricultura para que se establezcan nuevas barreras de control que salvaguarden el destino de uso agr\u00edcola, ganadero o forestal de los predios\u201d.<\/p>\n<p style=\"text-align: justify;\">Al respecto, Cristian Lineros, jefe de la oficina regional de la Superintendencia de Medio Ambiente en \u00d1uble, se\u00f1al\u00f3 que hasta hace muy poco tiempo atr\u00e1s \u201cen el \u00e1mbito de las subdivisiones prediales exist\u00eda mucha incerteza, por lo que todos estos proyectos se tramitaban sin mayor an\u00e1lisis; sin embargo, ahora existe una mayor bater\u00eda de instrumentos y una mayor capacidad t\u00e9cnica para abordar la problem\u00e1tica dentro de los servicios p\u00fablicos\u201d.<\/p>\n<p style=\"text-align: justify;\">Uno de los acuerdos de la mesa fue el traspaso de la coordinaci\u00f3n al Servicio Agr\u00edcola y Ganadero, en consonancia con los nuevos lineamientos del Ministerio de Agricultura, que instruy\u00f3 a este organismo a fin de que se coordinara con los dem\u00e1s servicios p\u00fablicos que tengan competencia, para resolver de mejor forma las solicitudes de subdivisi\u00f3n de predios r\u00fasticos.<\/p>\n<p style=\"text-align: justify;\">En este sentido, el director regional (S) del SAG, Roberto Ferrada, valor\u00f3 el trabajo que ha desarrollado en los tres encuentros de la mesa intersectorial que convoc\u00f3 CONAF, donde \u201cprofesionales que tienen bastante experiencia en la regi\u00f3n han aportado sus conocimientos. Hoy es necesario que sea liderada por el Servicio Agr\u00edcola y Ganadero, que tiene las facultades legales para resolver las solicitudes de subdivisi\u00f3n de predios r\u00fasticos de acuerdo con el Decreto Ley N\u00b0 3516 de 1980\u201d, explic\u00f3.<\/p>\n<p style=\"text-align: justify;\">Precis\u00f3 que, si bien todos los tenedores de predios r\u00fasticos pueden solicitar su subdivisi\u00f3n, debe efectuarse acorde a los principios de que establece la ley, vale decir, que los lotes tengan una superficie m\u00ednima de 5000 metros cuadrados y que no cambie el uso del suelo agr\u00edcola, forestal o ganadero. \u201cEsta posibilidad no significa que se permita la conformaci\u00f3n de grupos habitacionales en zonas rurales, al margen de las leyes vigentes\u201d, precis\u00f3 Ferrada.<\/p>\n<p style=\"text-align: justify;\">Protecci\u00f3n de \u00e1reas silvestres<\/p>\n<p style=\"text-align: justify;\">Un tema que se trat\u00f3 con detenci\u00f3n en la tercera mesa fue la necesidad de avanzar en la protecci\u00f3n de \u00e1reas silvestres protegidas que podr\u00edan verse amenazadas con el aumento del negocio de loteos irregulares.<\/p>\n<p style=\"text-align: justify;\">As\u00ed lo subray\u00f3 el seremi de Medio Ambiente, Mario Rivas, quien indic\u00f3 que \u201cestamos reci\u00e9n comenzando a implementar la Ley de Humedales Urbanos, en la cual tenemos cierta injerencia, por lo tanto, es esencial que no se produzcan m\u00e1s loteos en los bordes de estos espacios, por lo que desde el Ministerio vamos a entregar toda la informaci\u00f3n y mapas para que los servicios y la poblaci\u00f3n en general sepan d\u00f3nde est\u00e1n estas \u00e1reas silvestres protegidas\u201d.<\/p>\n","protected":false},"excerpt":{"rendered":"<p>\u00d1uble, agosto 2022: En la tercera reuni\u00f3n convocada por CONAF se abord\u00f3 el marco normativo y lineamientos del Ministerio de Agricultura, se revis\u00f3 un mapa de \u00e1reas silvestres protegidas y se acord\u00f3 el traspaso&#46;&#46;&#46;<\/p>\n","protected":false},"author":2,"featured_media":26641,"comment_status":"closed","ping_status":"open","sticky":false,"template":"","format":"standard","meta":{"footnotes":""},"categories":[1],"tags":[1115,1678,8,6,117],"class_list":["post-26640","post","type-post","status-publish","format-standard","has-post-thumbnail","hentry","category-noticias","tag-noticias","tag-nuble","tag-yungay","tag-yungayino","tag-yungayinocl"],"_links":{"self":[{"href":"https:\/\/www.yungayino.cl\/noticias\/index.php?rest_route=\/wp\/v2\/posts\/26640","targetHints":{"allow":["GET"]}}],"collection":[{"href":"https:\/\/www.yungayino.cl\/noticias\/index.php?rest_route=\/wp\/v2\/posts"}],"about":[{"href":"https:\/\/www.yungayino.cl\/noticias\/index.php?rest_route=\/wp\/v2\/types\/post"}],"author":[{"embeddable":true,"href":"https:\/\/www.yungayino.cl\/noticias\/index.php?rest_route=\/wp\/v2\/users\/2"}],"replies":[{"embeddable":true,"href":"https:\/\/www.yungayino.cl\/noticias\/index.php?rest_route=%2Fwp%2Fv2%2Fcomments&post=26640"}],"version-history":[{"count":2,"href":"https:\/\/www.yungayino.cl\/noticias\/index.php?rest_route=\/wp\/v2\/posts\/26640\/revisions"}],"predecessor-version":[{"id":26643,"href":"https:\/\/www.yungayino.cl\/noticias\/index.php?rest_route=\/wp\/v2\/posts\/26640\/revisions\/26643"}],"wp:featuredmedia":[{"embeddable":true,"href":"https:\/\/www.yungayino.cl\/noticias\/index.php?rest_route=\/wp\/v2\/media\/26641"}],"wp:attachment":[{"href":"https:\/\/www.yungayino.cl\/noticias\/index.php?rest_route=%2Fwp%2Fv2%2Fmedia&parent=26640"}],"wp:term":[{"taxonomy":"category","embeddable":true,"href":"https:\/\/www.yungayino.cl\/noticias\/index.php?rest_route=%2Fwp%2Fv2%2Fcategories&post=26640"},{"taxonomy":"post_tag","embeddable":true,"href":"https:\/\/www.yungayino.cl\/noticias\/index.php?rest_route=%2Fwp%2Fv2%2Ftags&post=26640"}],"curies":[{"name":"wp","href":"https:\/\/api.w.org\/{rel}","templated":true}]}}