{"id":26657,"date":"2022-08-15T20:00:47","date_gmt":"2022-08-16T00:00:47","guid":{"rendered":"http:\/\/www.yungayino.cl\/noticias\/?p=26657"},"modified":"2022-08-15T21:01:57","modified_gmt":"2022-08-16T01:01:57","slug":"senda-inaugura-placa-en-liceo-de-campanario-por-su-compromiso-con-el-plan-nacional-elige-vivir-sin-drogas","status":"publish","type":"post","link":"https:\/\/www.yungayino.cl\/noticias\/?p=26657","title":{"rendered":"Senda Inaugura Placa en Liceo de Campanario Por su Compromiso con el Plan Nacional Elige Vivir Sin Drogas"},"content":{"rendered":"<p><img loading=\"lazy\" decoding=\"async\" class=\"alignnone size-full wp-image-26659\" src=\"http:\/\/www.yungayino.cl\/noticias\/wp-content\/uploads\/2022\/08\/campanario-1.jpg\" alt=\"\" width=\"700\" height=\"350\" srcset=\"https:\/\/www.yungayino.cl\/noticias\/wp-content\/uploads\/2022\/08\/campanario-1.jpg 700w, https:\/\/www.yungayino.cl\/noticias\/wp-content\/uploads\/2022\/08\/campanario-1-300x150.jpg 300w\" sizes=\"auto, (max-width: 700px) 100vw, 700px\" \/><\/p>\n<p style=\"text-align: justify;\">Campanario, agosto 2022: El pasado viernes 12 de agosto qued\u00f3 marcado en la historia del Liceo T.P. de Campanario Marcos Delucchi Fonck, un sello que valora el trabajo del establecimiento educacional en materia de prevenci\u00f3n del consumo del alcohol y otras drogas.<\/p>\n<p style=\"text-align: justify;\">El alcalde, Rafael Cifuentes Rodr\u00edguez, resalt\u00f3 el gran trabajo y respuesta que el equipo del Liceo y sus alumnos han tenido en el marco de la campa\u00f1a del SENDA Previene, una iniciativa inspirada en el exitoso modelo Planet Youth de Islandia que busca prevenir, evitar o fortalecer los ambientes socioculturales en los que se desarrollan los ni\u00f1os, ni\u00f1as y adolescentes.<\/p>\n<p style=\"text-align: justify;\">La se\u00f1al\u00e9tica identifica a los establecimientos que implementan el modelo Elige Vivir sin Drogas, y que tienen m\u00e1s de un 45% de tasa de respuesta y participaci\u00f3n, en el caso del Liceo de Campanario, la tasa fue de un 98%.<\/p>\n<p style=\"text-align: justify;\">Carmen Panes, directora del establecimiento, agradeci\u00f3 la intervenci\u00f3n del equipo municipal de Senda y manifest\u00f3 que uno de los compromisos de su equipo ser\u00e1 trabajar para enfrentar aumento de vulnerabilidad en el \u00e1rea de su querida comunidad.<\/p>\n<p style=\"text-align: justify;\">Por su parte, la Directora Regional de Senda (s) Luisa Contreras Torres, destac\u00f3 que lo principal de este tipo de instancias es dejar constancia del compromiso de todos quienes son parte de la comunidad que rodea el establecimiento y la red de prevenci\u00f3n.<\/p>\n<p style=\"text-align: justify;\">La placa fue descubierta por las autoridades, los alumnos, apoderados y funcionarios del Liceo.<\/p>\n","protected":false},"excerpt":{"rendered":"<p>Campanario, agosto 2022: El pasado viernes 12 de agosto qued\u00f3 marcado en la historia del Liceo T.P. de Campanario Marcos Delucchi Fonck, un sello que valora el trabajo del establecimiento educacional en materia de&#46;&#46;&#46;<\/p>\n","protected":false},"author":2,"featured_media":26659,"comment_status":"closed","ping_status":"open","sticky":false,"template":"","format":"standard","meta":{"footnotes":""},"categories":[1],"tags":[31,771,1974,8,6,117],"class_list":["post-26657","post","type-post","status-publish","format-standard","has-post-thumbnail","hentry","category-noticias","tag-campanario","tag-liceo-campanario","tag-senda","tag-yungay","tag-yungayino","tag-yungayinocl"],"_links":{"self":[{"href":"https:\/\/www.yungayino.cl\/noticias\/index.php?rest_route=\/wp\/v2\/posts\/26657","targetHints":{"allow":["GET"]}}],"collection":[{"href":"https:\/\/www.yungayino.cl\/noticias\/index.php?rest_route=\/wp\/v2\/posts"}],"about":[{"href":"https:\/\/www.yungayino.cl\/noticias\/index.php?rest_route=\/wp\/v2\/types\/post"}],"author":[{"embeddable":true,"href":"https:\/\/www.yungayino.cl\/noticias\/index.php?rest_route=\/wp\/v2\/users\/2"}],"replies":[{"embeddable":true,"href":"https:\/\/www.yungayino.cl\/noticias\/index.php?rest_route=%2Fwp%2Fv2%2Fcomments&post=26657"}],"version-history":[{"count":1,"href":"https:\/\/www.yungayino.cl\/noticias\/index.php?rest_route=\/wp\/v2\/posts\/26657\/revisions"}],"predecessor-version":[{"id":26660,"href":"https:\/\/www.yungayino.cl\/noticias\/index.php?rest_route=\/wp\/v2\/posts\/26657\/revisions\/26660"}],"wp:featuredmedia":[{"embeddable":true,"href":"https:\/\/www.yungayino.cl\/noticias\/index.php?rest_route=\/wp\/v2\/media\/26659"}],"wp:attachment":[{"href":"https:\/\/www.yungayino.cl\/noticias\/index.php?rest_route=%2Fwp%2Fv2%2Fmedia&parent=26657"}],"wp:term":[{"taxonomy":"category","embeddable":true,"href":"https:\/\/www.yungayino.cl\/noticias\/index.php?rest_route=%2Fwp%2Fv2%2Fcategories&post=26657"},{"taxonomy":"post_tag","embeddable":true,"href":"https:\/\/www.yungayino.cl\/noticias\/index.php?rest_route=%2Fwp%2Fv2%2Ftags&post=26657"}],"curies":[{"name":"wp","href":"https:\/\/api.w.org\/{rel}","templated":true}]}}