{"id":26661,"date":"2022-08-16T07:00:05","date_gmt":"2022-08-16T11:00:05","guid":{"rendered":"http:\/\/www.yungayino.cl\/noticias\/?p=26661"},"modified":"2022-08-15T21:03:20","modified_gmt":"2022-08-16T01:03:20","slug":"conaf-inauguro-nueva-oficina-regional-en-nuble","status":"publish","type":"post","link":"https:\/\/www.yungayino.cl\/noticias\/?p=26661","title":{"rendered":"CONAF Inaugur\u00f3 Nueva Oficina Regional en \u00d1uble"},"content":{"rendered":"<p><img loading=\"lazy\" decoding=\"async\" class=\"alignnone size-full wp-image-26662\" src=\"http:\/\/www.yungayino.cl\/noticias\/wp-content\/uploads\/2022\/08\/conaf-oficina.jpg\" alt=\"\" width=\"700\" height=\"350\" srcset=\"https:\/\/www.yungayino.cl\/noticias\/wp-content\/uploads\/2022\/08\/conaf-oficina.jpg 700w, https:\/\/www.yungayino.cl\/noticias\/wp-content\/uploads\/2022\/08\/conaf-oficina-300x150.jpg 300w\" sizes=\"auto, (max-width: 700px) 100vw, 700px\" \/><\/p>\n<p style=\"text-align: justify;\">\u00d1uble, agosto 2022: El nuevo inmueble corporativo se encuentra en el acceso norte de Chill\u00e1n y abri\u00f3 sus puertas en una ceremonia encabezada por el Ministro de Agricultura Esteban Valenzuela.<\/p>\n<p style=\"text-align: justify;\">En una solemne ceremonia encabezada por el ministro de Agricultura, Esteban Valenzuela, y decenas de invitados, fue inaugurada la nueva oficina de la Direcci\u00f3n Regional de la Corporaci\u00f3n Nacional Forestal (Conaf) en la regi\u00f3n de \u00d1uble.<\/p>\n<p style=\"text-align: justify;\">El nuevo edificio institucional, emplazado en el \u00e1rea urbana del acceso norte a Chill\u00e1n, ha permitido unificar por primera vez a todas las \u00e1reas de la estructura organizacional de la Corporaci\u00f3n en un mismo espacio, mejorando las condiciones para una dotaci\u00f3n de 51 trabajadores y jornales transitorios.<\/p>\n<p style=\"text-align: justify;\">Se trata de 33 oficinas acondicionadas en un inmueble de 1.200 metros construidos, dentro en un terreno de 9.000 metros cuadrados, adem\u00e1s con salida directa a la Ruta 5 Sur y caminos intercomunales, para desplazamientos r\u00e1pidos en casos de emergencias, principalmente, por incendios forestales.<\/p>\n<p style=\"text-align: justify;\">Renzo Galgani, director regional de CONAF \u00d1uble y articulador del proyecto de traslado al nuevo edificio, se\u00f1al\u00f3 que \u201cesto parte bajo la l\u00f3gica de entender que hay que mejorar las condiciones de los trabajadores, porque entendemos que somos todos iguales y debemos tener las mismas condiciones para desempe\u00f1ar nuestras funciones, donde el foco y el objetivo principal son nuestros usuarios\u201d.<\/p>\n<p style=\"text-align: justify;\">Asimismo, en su alocuci\u00f3n agreg\u00f3 que este nuevo edificio tiene un plazo de ocupaci\u00f3n de cuatro a\u00f1os, que es el tiempo definido para la elaboraci\u00f3n, aprobaci\u00f3n y ejecuci\u00f3n de un proyecto que pretende la construcci\u00f3n de un edificio propio para la direcci\u00f3n regional.<\/p>\n<p style=\"text-align: justify;\">El ministro Esteban Valenzuela valor\u00f3 el esfuerzo hecho por la Corporaci\u00f3n debido a que en las antiguas dependencias, compartidas con el SAG e Indap, \u201clos trabajadores estaban hacinados y sin las condiciones adecuadas para laborar, as\u00ed que el nuevo espacio no solo va a mejor su bienestar, sino que tambi\u00e9n facilitar\u00e1 el trabajo mancomunado con el Gabinete Agr\u00edcola Regional y con el Ministerio de Medio Ambiente respecto a las pol\u00edticas de sustentabilidad\u201d.<\/p>\n<p style=\"text-align: justify;\">A la ceremonia tambi\u00e9n asisti\u00f3 el director ejecutivo de CONAF, Cristian Little, quien expres\u00f3 que \u201clo que estamos haciendo ac\u00e1 es mejorar las condiciones de trabajo de funcionarios que se entregan a la labor p\u00fablica y que nos van a ayudar a lograr las transformaciones que buscamos respecto al quehacer de la Corporaci\u00f3n\u201d.<\/p>\n<p style=\"text-align: justify;\">En sinton\u00eda con lo anterior, el delegado presidencial en \u00d1uble, Claudio Ferrada, agreg\u00f3 que \u201cla dignidad laboral est\u00e1 por sobre todas las cosas, y si queremos resultados \u00f3ptimos, eficiencia y desarrollo regional, tenemos que entregar las condiciones necesarias a cada trabajador y trabajadora que hacen posible el trabajo p\u00fablico, y aqu\u00ed reconozco al director regional Renzo Galgani que a pesar de su poco tiempo en el cargo, ha mostrado un trabajo incansable por mejorar las condiciones laborales de los funcionarios de CONAF\u201d.<\/p>\n<p style=\"text-align: justify;\">Arborizaci\u00f3n en Cobquecura<\/p>\n<p style=\"text-align: justify;\">Tras la ceremonia de inauguraci\u00f3n, el ministro de Agricultura acompa\u00f1\u00f3 al equipo del \u00e1rea de Bosques de CONAF \u00d1uble a la comuna de Cobquecura, donde visitaron la experiencia del Proyecto de Arborizaci\u00f3n Comunitaria \u201cParque La Lober\u00eda\u201d, que se desarrolla en conjunto con la Municipalidad de Cobquecura.<\/p>\n<p style=\"text-align: justify;\">Se trata del mejoramiento de 1,5 hect\u00e1reas, mediante la plantaci\u00f3n de 1.881 individuos de especies herb\u00e1ceas, arbustivas y arb\u00f3reas, donde 303 especies son de h\u00e1bito de crecimiento arb\u00f3reo nativas y ex\u00f3ticas.<\/p>\n<p style=\"text-align: justify;\">Todas las labores realizadas en el parque fueron ejecutadas por personal contratado por el Programa de Emergencia de Empleo que impulsa la Corporaci\u00f3n en la comuna de Cobquecura.<\/p>\n","protected":false},"excerpt":{"rendered":"<p>\u00d1uble, agosto 2022: El nuevo inmueble corporativo se encuentra en el acceso norte de Chill\u00e1n y abri\u00f3 sus puertas en una ceremonia encabezada por el Ministro de Agricultura Esteban Valenzuela. En una solemne ceremonia&#46;&#46;&#46;<\/p>\n","protected":false},"author":2,"featured_media":26662,"comment_status":"closed","ping_status":"open","sticky":false,"template":"","format":"standard","meta":{"footnotes":""},"categories":[1],"tags":[728,192,1115,1678,8,6,117],"class_list":["post-26661","post","type-post","status-publish","format-standard","has-post-thumbnail","hentry","category-noticias","tag-chillan","tag-conaf","tag-noticias","tag-nuble","tag-yungay","tag-yungayino","tag-yungayinocl"],"_links":{"self":[{"href":"https:\/\/www.yungayino.cl\/noticias\/index.php?rest_route=\/wp\/v2\/posts\/26661","targetHints":{"allow":["GET"]}}],"collection":[{"href":"https:\/\/www.yungayino.cl\/noticias\/index.php?rest_route=\/wp\/v2\/posts"}],"about":[{"href":"https:\/\/www.yungayino.cl\/noticias\/index.php?rest_route=\/wp\/v2\/types\/post"}],"author":[{"embeddable":true,"href":"https:\/\/www.yungayino.cl\/noticias\/index.php?rest_route=\/wp\/v2\/users\/2"}],"replies":[{"embeddable":true,"href":"https:\/\/www.yungayino.cl\/noticias\/index.php?rest_route=%2Fwp%2Fv2%2Fcomments&post=26661"}],"version-history":[{"count":2,"href":"https:\/\/www.yungayino.cl\/noticias\/index.php?rest_route=\/wp\/v2\/posts\/26661\/revisions"}],"predecessor-version":[{"id":26664,"href":"https:\/\/www.yungayino.cl\/noticias\/index.php?rest_route=\/wp\/v2\/posts\/26661\/revisions\/26664"}],"wp:featuredmedia":[{"embeddable":true,"href":"https:\/\/www.yungayino.cl\/noticias\/index.php?rest_route=\/wp\/v2\/media\/26662"}],"wp:attachment":[{"href":"https:\/\/www.yungayino.cl\/noticias\/index.php?rest_route=%2Fwp%2Fv2%2Fmedia&parent=26661"}],"wp:term":[{"taxonomy":"category","embeddable":true,"href":"https:\/\/www.yungayino.cl\/noticias\/index.php?rest_route=%2Fwp%2Fv2%2Fcategories&post=26661"},{"taxonomy":"post_tag","embeddable":true,"href":"https:\/\/www.yungayino.cl\/noticias\/index.php?rest_route=%2Fwp%2Fv2%2Ftags&post=26661"}],"curies":[{"name":"wp","href":"https:\/\/api.w.org\/{rel}","templated":true}]}}