{"id":26683,"date":"2022-08-20T07:00:20","date_gmt":"2022-08-20T11:00:20","guid":{"rendered":"http:\/\/www.yungayino.cl\/noticias\/?p=26683"},"modified":"2022-08-17T16:13:35","modified_gmt":"2022-08-17T20:13:35","slug":"en-un-49-aumentaron-los-casos-activos-durante-los-ultimos-15-dias-en-nuble","status":"publish","type":"post","link":"https:\/\/www.yungayino.cl\/noticias\/?p=26683","title":{"rendered":"En un 49% Aumentaron los Casos Activos Durante los \u00daltimos 15 D\u00edas en \u00d1uble"},"content":{"rendered":"<p><img loading=\"lazy\" decoding=\"async\" class=\"alignnone size-full wp-image-26684\" src=\"http:\/\/www.yungayino.cl\/noticias\/wp-content\/uploads\/2022\/08\/vacuna.jpg\" alt=\"\" width=\"700\" height=\"350\" srcset=\"https:\/\/www.yungayino.cl\/noticias\/wp-content\/uploads\/2022\/08\/vacuna.jpg 700w, https:\/\/www.yungayino.cl\/noticias\/wp-content\/uploads\/2022\/08\/vacuna-300x150.jpg 300w\" sizes=\"auto, (max-width: 700px) 100vw, 700px\" \/><\/p>\n<p style=\"text-align: justify;\">\u00d1uble, agosto 2022: La alta cifra de contagios diarios de Covid-19, junto al 17,27% de positividad informada en el \u00faltimo reporte preocupa a las autoridades del Servicio de Salud \u00d1uble, quienes llaman a no relajarse y mantener las medidas de prevenci\u00f3n.<\/p>\n<p style=\"text-align: justify;\">Una tendencia al alza, en comparaci\u00f3n al mes de julio, se registr\u00f3 durante las dos primeras semanas de agosto en \u00d1uble. Un 49% de aumento en la cifra de casos activos, lo que se suma a que, durante el mes, en promedio se han informado 372 casos diarios.<\/p>\n<p style=\"text-align: justify;\">El llamado de las autoridades del Servicio de Salud \u00d1uble (SS\u00d1) es a mantener las medidas de autocuidado, considerando que la prevenci\u00f3n es fundamental para la contenci\u00f3n de la Pandemia, contemplando adem\u00e1s que a\u00fan existe poblaci\u00f3n con riesgo de desarrollar la patolog\u00eda de forma grave.<\/p>\n<p style=\"text-align: justify;\">\u201cComo regi\u00f3n hemos registrado un alza en nuestras cifras de contagios diarios y casos activos, por lo que se hace primordial no relajar el autocuidado, sobre todo de quienes est\u00e1n en mayor riesgo. Es relevante que no olvidemos el uso de mascarilla, el lavado frecuente de manos, la ventilaci\u00f3n de los espacios, el testeo oportuno y la vacunaci\u00f3n\u201d, recalc\u00f3 la Directora (s) del Servicio de Salud \u00d1uble (SS\u00d1), Elizabeth Abarca Trivi\u00f1o.<\/p>\n<p style=\"text-align: justify;\">La profesional se\u00f1al\u00f3 adem\u00e1s que \u201cse aproxima una nueva celebraci\u00f3n de Fiestas Patrias, lo que sin duda incrementar\u00e1n la movilidad, por lo tanto, para estar mejor preparados debemos potenciar m\u00e1s a\u00fan el llamado a la comunidad a ser conscientes con las medidas de prevenci\u00f3n, ya que es la forma m\u00e1s efectiva de cuidar su salud y la de quienes m\u00e1s quieren\u201d.<\/p>\n<p style=\"text-align: justify;\">En la misma l\u00ednea, el Subdirector de Gesti\u00f3n Asistencial del SS\u00d1, Dr. Max Besser Valenzuela, destac\u00f3 que \u201cel incremento de casos se debe a las condiciones propias que genera el invierno, que se caracteriza por aumentar la circulaci\u00f3n de virus respiratorios, entre ellos el Covid-19. A su vez, vemos un relajo de las medidas preventivas, considerando que, a pesar del alza en las cifras de casos nuevos y activos, la cantidad de personas hospitalizadas o en estado grave producto del Covid-19, se ha mantenido estable, lo que principalmente se atribuye a la vacunaci\u00f3n. Por lo anterior es fundamental que la ciudadan\u00eda se ponga al d\u00eda con sus esquemas de inoculaci\u00f3n y se acerquen a los distintos puntos dispuestos en la regi\u00f3n, los cuales est\u00e1n publicados en la p\u00e1gina web del SS\u00d1\u201d.<\/p>\n<p style=\"text-align: justify;\">\n","protected":false},"excerpt":{"rendered":"<p>\u00d1uble, agosto 2022: La alta cifra de contagios diarios de Covid-19, junto al 17,27% de positividad informada en el \u00faltimo reporte preocupa a las autoridades del Servicio de Salud \u00d1uble, quienes llaman a no&#46;&#46;&#46;<\/p>\n","protected":false},"author":2,"featured_media":26684,"comment_status":"closed","ping_status":"open","sticky":false,"template":"","format":"standard","meta":{"footnotes":""},"categories":[1,1676],"tags":[2443,1115,1678,65,8,1848],"class_list":["post-26683","post","type-post","status-publish","format-standard","has-post-thumbnail","hentry","category-noticias","category-salud","tag-covid","tag-noticias","tag-nuble","tag-salud","tag-yungay","tag-yungayino-cl-yungayino"],"_links":{"self":[{"href":"https:\/\/www.yungayino.cl\/noticias\/index.php?rest_route=\/wp\/v2\/posts\/26683","targetHints":{"allow":["GET"]}}],"collection":[{"href":"https:\/\/www.yungayino.cl\/noticias\/index.php?rest_route=\/wp\/v2\/posts"}],"about":[{"href":"https:\/\/www.yungayino.cl\/noticias\/index.php?rest_route=\/wp\/v2\/types\/post"}],"author":[{"embeddable":true,"href":"https:\/\/www.yungayino.cl\/noticias\/index.php?rest_route=\/wp\/v2\/users\/2"}],"replies":[{"embeddable":true,"href":"https:\/\/www.yungayino.cl\/noticias\/index.php?rest_route=%2Fwp%2Fv2%2Fcomments&post=26683"}],"version-history":[{"count":1,"href":"https:\/\/www.yungayino.cl\/noticias\/index.php?rest_route=\/wp\/v2\/posts\/26683\/revisions"}],"predecessor-version":[{"id":26685,"href":"https:\/\/www.yungayino.cl\/noticias\/index.php?rest_route=\/wp\/v2\/posts\/26683\/revisions\/26685"}],"wp:featuredmedia":[{"embeddable":true,"href":"https:\/\/www.yungayino.cl\/noticias\/index.php?rest_route=\/wp\/v2\/media\/26684"}],"wp:attachment":[{"href":"https:\/\/www.yungayino.cl\/noticias\/index.php?rest_route=%2Fwp%2Fv2%2Fmedia&parent=26683"}],"wp:term":[{"taxonomy":"category","embeddable":true,"href":"https:\/\/www.yungayino.cl\/noticias\/index.php?rest_route=%2Fwp%2Fv2%2Fcategories&post=26683"},{"taxonomy":"post_tag","embeddable":true,"href":"https:\/\/www.yungayino.cl\/noticias\/index.php?rest_route=%2Fwp%2Fv2%2Ftags&post=26683"}],"curies":[{"name":"wp","href":"https:\/\/api.w.org\/{rel}","templated":true}]}}