{"id":26693,"date":"2022-08-21T07:00:41","date_gmt":"2022-08-21T11:00:41","guid":{"rendered":"http:\/\/www.yungayino.cl\/noticias\/?p=26693"},"modified":"2022-08-18T21:40:19","modified_gmt":"2022-08-19T01:40:19","slug":"centro-diurno-comunitario-celebro-segundo-aniversario","status":"publish","type":"post","link":"https:\/\/www.yungayino.cl\/noticias\/?p=26693","title":{"rendered":"Centro Diurno Comunitario Celebr\u00f3 Segundo Aniversario"},"content":{"rendered":"<p><img loading=\"lazy\" decoding=\"async\" class=\"alignnone size-full wp-image-26695\" src=\"http:\/\/www.yungayino.cl\/noticias\/wp-content\/uploads\/2022\/08\/centro-diurno-portada.jpg\" alt=\"\" width=\"700\" height=\"350\" srcset=\"https:\/\/www.yungayino.cl\/noticias\/wp-content\/uploads\/2022\/08\/centro-diurno-portada.jpg 700w, https:\/\/www.yungayino.cl\/noticias\/wp-content\/uploads\/2022\/08\/centro-diurno-portada-300x150.jpg 300w\" sizes=\"auto, (max-width: 700px) 100vw, 700px\" \/><\/p>\n<p style=\"text-align: justify;\">Yungay, agosto 2022: Autoridades compartieron una maravillosa instancia de celebraci\u00f3n junto a los usuarios y usuarias del Centro Diurno Comunitario, el que conmemor\u00f3 durante esta semana sus dos a\u00f1os de funcionamiento.<\/p>\n<p style=\"text-align: justify;\">La sede de la Junta de Vecinos Valle Templado fue el techo que acogi\u00f3 la ceremonia que reuni\u00f3 a las autoridades, profesionales del centro y a los usuarios y usuarias que lo visitan continuamente.<\/p>\n<p style=\"text-align: justify;\">El programa inici\u00f3 su atenci\u00f3n en plena pandemia y que tiene el objetivo de promover y fortalecer la autonom\u00eda e independencia de las personas mayores para contribuir a retrasar su p\u00e9rdida de funcionalidad, entreg\u00e1ndoles temporalmente, servicios sociales y sanitarios.<\/p>\n<p style=\"text-align: justify;\">La actividad tuvo la participaci\u00f3n especial de Guillermina Bascu\u00f1\u00e1n y Gabriel Quintrileo, encargados de amenizar con sus talentos la significativa instancia.<\/p>\n<p style=\"text-align: justify;\">\u00abEs un orgullo llevar adelante este Centro que contribuye a mejorar la calidad de vida de nuestros adultos mayores. Nuestras profesionales dan el 120% por sus usuarios y estamos muy contentos porque se ha renovado para los a\u00f1os 2023 y 2024\u00bb coment\u00f3 el alcalde, Rafael Cifuentes Rodr\u00edguez.<\/p>\n<p style=\"text-align: justify;\">Inelia Betancur, quiso expresar su agradecimiento por el gran trabajo de las profesionales del programa \u00abnos acompa\u00f1an y ayudan a superar nuestras dificultades, mejorar nuestra independencia y adem\u00e1s nos motivan con su cari\u00f1o y alegr\u00eda, por supuesto que por ello agradecemos a las autoridades por apoyar y continuar con el Centro Diurno por m\u00e1s a\u00f1os\u00bb.<\/p>\n","protected":false},"excerpt":{"rendered":"<p>Yungay, agosto 2022: Autoridades compartieron una maravillosa instancia de celebraci\u00f3n junto a los usuarios y usuarias del Centro Diurno Comunitario, el que conmemor\u00f3 durante esta semana sus dos a\u00f1os de funcionamiento. La sede de&#46;&#46;&#46;<\/p>\n","protected":false},"author":2,"featured_media":26694,"comment_status":"closed","ping_status":"open","sticky":false,"template":"","format":"standard","meta":{"footnotes":""},"categories":[1],"tags":[57,2510,1115,8,6,117],"class_list":["post-26693","post","type-post","status-publish","format-standard","has-post-thumbnail","hentry","category-noticias","tag-adultos-mayores","tag-centro-diurno","tag-noticias","tag-yungay","tag-yungayino","tag-yungayinocl"],"_links":{"self":[{"href":"https:\/\/www.yungayino.cl\/noticias\/index.php?rest_route=\/wp\/v2\/posts\/26693","targetHints":{"allow":["GET"]}}],"collection":[{"href":"https:\/\/www.yungayino.cl\/noticias\/index.php?rest_route=\/wp\/v2\/posts"}],"about":[{"href":"https:\/\/www.yungayino.cl\/noticias\/index.php?rest_route=\/wp\/v2\/types\/post"}],"author":[{"embeddable":true,"href":"https:\/\/www.yungayino.cl\/noticias\/index.php?rest_route=\/wp\/v2\/users\/2"}],"replies":[{"embeddable":true,"href":"https:\/\/www.yungayino.cl\/noticias\/index.php?rest_route=%2Fwp%2Fv2%2Fcomments&post=26693"}],"version-history":[{"count":1,"href":"https:\/\/www.yungayino.cl\/noticias\/index.php?rest_route=\/wp\/v2\/posts\/26693\/revisions"}],"predecessor-version":[{"id":26696,"href":"https:\/\/www.yungayino.cl\/noticias\/index.php?rest_route=\/wp\/v2\/posts\/26693\/revisions\/26696"}],"wp:featuredmedia":[{"embeddable":true,"href":"https:\/\/www.yungayino.cl\/noticias\/index.php?rest_route=\/wp\/v2\/media\/26694"}],"wp:attachment":[{"href":"https:\/\/www.yungayino.cl\/noticias\/index.php?rest_route=%2Fwp%2Fv2%2Fmedia&parent=26693"}],"wp:term":[{"taxonomy":"category","embeddable":true,"href":"https:\/\/www.yungayino.cl\/noticias\/index.php?rest_route=%2Fwp%2Fv2%2Fcategories&post=26693"},{"taxonomy":"post_tag","embeddable":true,"href":"https:\/\/www.yungayino.cl\/noticias\/index.php?rest_route=%2Fwp%2Fv2%2Ftags&post=26693"}],"curies":[{"name":"wp","href":"https:\/\/api.w.org\/{rel}","templated":true}]}}