{"id":26705,"date":"2022-08-23T07:00:17","date_gmt":"2022-08-23T11:00:17","guid":{"rendered":"http:\/\/www.yungayino.cl\/noticias\/?p=26705"},"modified":"2022-08-18T21:51:05","modified_gmt":"2022-08-19T01:51:05","slug":"lucho-castillo-junto-a-musicos-rancaguinos-nos-presenta-fuerte-el-primer-sencillo-de-la-banda-a-cagar-tour","status":"publish","type":"post","link":"https:\/\/www.yungayino.cl\/noticias\/?p=26705","title":{"rendered":"Lucho Castillo Junto a M\u00fasicos Rancag\u00fcinos nos Presenta \u201cFuerte\u201d, el Primer Sencillo de la Banda A Cagar Tour"},"content":{"rendered":"<p><img loading=\"lazy\" decoding=\"async\" class=\"size-full wp-image-26707 aligncenter\" src=\"http:\/\/www.yungayino.cl\/noticias\/wp-content\/uploads\/2022\/08\/Logo-Banda.jpg\" alt=\"\" width=\"700\" height=\"443\" srcset=\"https:\/\/www.yungayino.cl\/noticias\/wp-content\/uploads\/2022\/08\/Logo-Banda.jpg 700w, https:\/\/www.yungayino.cl\/noticias\/wp-content\/uploads\/2022\/08\/Logo-Banda-300x190.jpg 300w, https:\/\/www.yungayino.cl\/noticias\/wp-content\/uploads\/2022\/08\/Logo-Banda-237x150.jpg 237w\" sizes=\"auto, (max-width: 700px) 100vw, 700px\" \/><\/p>\n<p>Agosto 2022: A partir del 02 de septiembre a las 00:00 horas, estar\u00e1 disponible en Spotify y todas las plataformas de m\u00fasica digitales <strong>\u201cFuerte\u201d<\/strong>, primer sencillo de Lucho Castillo y A cagar tour.<\/p>\n<p>El 2020, como una forma de capear el encierro pand\u00e9mico, Lucho Castillo comenz\u00f3 a reunirse de manera \u201cclandestina\u201d con un grupo de amigos m\u00fasicos rancag\u00fcinos, con quienes, aunque con diferentes visiones y provenientes de distintas escuelas, coincidi\u00f3 en la necesidad de expresarse en tiempos dif\u00edciles a trav\u00e9s de su arte. De este modo, en la ciudad de Rancagua la casa de los primos Felipe y Rocko Aravena, quienes antes ya hab\u00edan participado en proyectos de Castillo, se convirti\u00f3 en el punto de encuentro de la emergente banda.<\/p>\n<p>Lucho Castillo y A cagar tour, representa una vuelta natural en la m\u00fasica rockera, en donde las guitarras el\u00e9ctricas, el bajo y la bater\u00eda, aparataje propio del rock, son reemplazadas por guitarras electroac\u00fasticas, un contrabajo y una simple caja que, junto a las voces, logran una sonoridad org\u00e1nica e \u00edntima. La banda presenta una propuesta con estilo simple pero con car\u00e1cter, aportando creaciones frescas y originales cargadas de rock, de ese que no se encasilla en uno en particular, deambulando por el folk, punk, blues y el romanticismo, con temas que van desde el amor o de gritarle en su cara el desprecio al abuso, hasta una simple frase hecha canci\u00f3n.<\/p>\n<p>Desde hace unos meses, dejando atr\u00e1s los tiempos de encierro, la agrupaci\u00f3n ha realizado presentaciones en p\u00fablico logrando cautivar a los asistentes con sus canciones que parecen expresar un sentir com\u00fan.<\/p>\n<p>\u201cFuerte\u201d, el primer sencillo que saca a la luz la banda, al m\u00e1s propio estilo de Lucho Castillo y A cagar tour, con clase y ritmo cadencioso, expresa a trav\u00e9s de su letra el sentimiento de a\u00f1oranza y soledad, pero de esa soledad que nos llama a la reflexi\u00f3n, llev\u00e1ndonos a comprender la importancia de mantener la fe en uno mismo, y simplemente vivir.<\/p>\n<p>La banda est\u00e1 compuesta por Lucho Castillo, m\u00fasico yungayino que\u00a0 cuenta con una carrera musical de m\u00e1s de dos d\u00e9cadas, renombrado en el ambiente cuequero, con trabajos ligados tambi\u00e9n al rock; Felipe Aravena, importante guitarrista nacional, oriundo de Rancagua, quien particip\u00f3 en \u201cAlgo fundamental\u201d, el primer larga duraci\u00f3n en solitario de Castillo; Rocko Aravena, contrabajista rancag\u00fcino, part\u00edcipe en algunas presentaciones junto a Castillo y su primo Felipe, en la promoci\u00f3n del mencionado disco; Diego Insunza, guitarrista, proviene de la escuela de la ranchera, compa\u00f1ero de Felipe y Rocko en la banda de rock Cabo Carranza a trav\u00e9s de la cual conoci\u00f3 a Castillo; y Daniel San Mart\u00edn, el \u00faltimo m\u00fasico rancag\u00fcino en unirse al grupo, quien ejecuta las percusiones y coros.<\/p>\n<p>&nbsp;<\/p>\n<p><img loading=\"lazy\" decoding=\"async\" class=\"size-full wp-image-26706 aligncenter\" src=\"http:\/\/www.yungayino.cl\/noticias\/wp-content\/uploads\/2022\/08\/Fotografia-Banda.jpg\" alt=\"\" width=\"700\" height=\"612\" srcset=\"https:\/\/www.yungayino.cl\/noticias\/wp-content\/uploads\/2022\/08\/Fotografia-Banda.jpg 700w, https:\/\/www.yungayino.cl\/noticias\/wp-content\/uploads\/2022\/08\/Fotografia-Banda-300x262.jpg 300w, https:\/\/www.yungayino.cl\/noticias\/wp-content\/uploads\/2022\/08\/Fotografia-Banda-172x150.jpg 172w\" sizes=\"auto, (max-width: 700px) 100vw, 700px\" \/><\/p>\n<p>&nbsp;<\/p>\n<p>\u201cFuerte\u201d, como concepto, retrata de manera genial el esp\u00edritu de esta potente banda, que con el aporte preciso de cada uno de sus integrantes nos presenta un trabajo que, desde lo simple, resulta original, consistente y con calidad de sobra para destacar en la escena del rock nacional.<\/p>\n<p>&nbsp;<\/p>\n<p><img loading=\"lazy\" decoding=\"async\" class=\"size-full wp-image-26708 aligncenter\" src=\"http:\/\/www.yungayino.cl\/noticias\/wp-content\/uploads\/2022\/08\/Single.jpg\" alt=\"\" width=\"700\" height=\"700\" srcset=\"https:\/\/www.yungayino.cl\/noticias\/wp-content\/uploads\/2022\/08\/Single.jpg 700w, https:\/\/www.yungayino.cl\/noticias\/wp-content\/uploads\/2022\/08\/Single-300x300.jpg 300w, https:\/\/www.yungayino.cl\/noticias\/wp-content\/uploads\/2022\/08\/Single-150x150.jpg 150w, https:\/\/www.yungayino.cl\/noticias\/wp-content\/uploads\/2022\/08\/Single-80x80.jpg 80w, https:\/\/www.yungayino.cl\/noticias\/wp-content\/uploads\/2022\/08\/Single-320x320.jpg 320w\" sizes=\"auto, (max-width: 700px) 100vw, 700px\" \/><\/p>\n<p>&nbsp;<\/p>\n<p>La car\u00e1tula del sencillo nos presenta el trabajo del reconocido dise\u00f1ador Carlos Cadenas, quien ha estado detr\u00e1s de la imagen de la mayor\u00eda de los proyectos musicales de Lucho Castillo y de un sin n\u00famero de importantes figuras de la m\u00fasica nacional. Grabado en Estudios Room en la ciudad de Rancagua y masterizado por el ingeniero en sonido Francisco Aguilera en Estudios Para\u00edso, en Las Condes, Santiago de Chile.<\/p>\n","protected":false},"excerpt":{"rendered":"<p>Agosto 2022: A partir del 02 de septiembre a las 00:00 horas, estar\u00e1 disponible en Spotify y todas las plataformas de m\u00fasica digitales \u201cFuerte\u201d, primer sencillo de Lucho Castillo y A cagar tour. El&#46;&#46;&#46;<\/p>\n","protected":false},"author":2,"featured_media":26709,"comment_status":"closed","ping_status":"open","sticky":false,"template":"","format":"standard","meta":{"footnotes":""},"categories":[1],"tags":[2640,628,1682,1115,2641,8,6,117],"class_list":["post-26705","post","type-post","status-publish","format-standard","has-post-thumbnail","hentry","category-noticias","tag-fuerte","tag-lucho-castillo","tag-musica","tag-noticias","tag-single","tag-yungay","tag-yungayino","tag-yungayinocl"],"_links":{"self":[{"href":"https:\/\/www.yungayino.cl\/noticias\/index.php?rest_route=\/wp\/v2\/posts\/26705","targetHints":{"allow":["GET"]}}],"collection":[{"href":"https:\/\/www.yungayino.cl\/noticias\/index.php?rest_route=\/wp\/v2\/posts"}],"about":[{"href":"https:\/\/www.yungayino.cl\/noticias\/index.php?rest_route=\/wp\/v2\/types\/post"}],"author":[{"embeddable":true,"href":"https:\/\/www.yungayino.cl\/noticias\/index.php?rest_route=\/wp\/v2\/users\/2"}],"replies":[{"embeddable":true,"href":"https:\/\/www.yungayino.cl\/noticias\/index.php?rest_route=%2Fwp%2Fv2%2Fcomments&post=26705"}],"version-history":[{"count":1,"href":"https:\/\/www.yungayino.cl\/noticias\/index.php?rest_route=\/wp\/v2\/posts\/26705\/revisions"}],"predecessor-version":[{"id":26710,"href":"https:\/\/www.yungayino.cl\/noticias\/index.php?rest_route=\/wp\/v2\/posts\/26705\/revisions\/26710"}],"wp:featuredmedia":[{"embeddable":true,"href":"https:\/\/www.yungayino.cl\/noticias\/index.php?rest_route=\/wp\/v2\/media\/26709"}],"wp:attachment":[{"href":"https:\/\/www.yungayino.cl\/noticias\/index.php?rest_route=%2Fwp%2Fv2%2Fmedia&parent=26705"}],"wp:term":[{"taxonomy":"category","embeddable":true,"href":"https:\/\/www.yungayino.cl\/noticias\/index.php?rest_route=%2Fwp%2Fv2%2Fcategories&post=26705"},{"taxonomy":"post_tag","embeddable":true,"href":"https:\/\/www.yungayino.cl\/noticias\/index.php?rest_route=%2Fwp%2Fv2%2Ftags&post=26705"}],"curies":[{"name":"wp","href":"https:\/\/api.w.org\/{rel}","templated":true}]}}