{"id":26721,"date":"2022-08-19T17:00:27","date_gmt":"2022-08-19T21:00:27","guid":{"rendered":"http:\/\/www.yungayino.cl\/noticias\/?p=26721"},"modified":"2022-08-19T17:45:29","modified_gmt":"2022-08-19T21:45:29","slug":"joven-yungayina-julieta-gallardo-promesa-del-patinaje-artistico-viaja-a-participar-a-vina-del-mar","status":"publish","type":"post","link":"https:\/\/www.yungayino.cl\/noticias\/?p=26721","title":{"rendered":"Joven Yungayina Julieta Gallardo, Promesa del Patinaje Art\u00edstico Viaja a Participar a Vi\u00f1a del Mar"},"content":{"rendered":"<p><img loading=\"lazy\" decoding=\"async\" class=\"alignnone size-full wp-image-26722\" src=\"http:\/\/www.yungayino.cl\/noticias\/wp-content\/uploads\/2022\/08\/portada-Julieta-Gallardo.jpg\" alt=\"\" width=\"700\" height=\"350\" srcset=\"https:\/\/www.yungayino.cl\/noticias\/wp-content\/uploads\/2022\/08\/portada-Julieta-Gallardo.jpg 700w, https:\/\/www.yungayino.cl\/noticias\/wp-content\/uploads\/2022\/08\/portada-Julieta-Gallardo-300x150.jpg 300w\" sizes=\"auto, (max-width: 700px) 100vw, 700px\" \/><\/p>\n<p style=\"text-align: justify;\">Yungay, agosto 2022: En una verdadera promesa del patinaje art\u00edstico se ha convertido la yungayina, joven deportista de 8 a\u00f1os de edad <strong>Julieta Ignacia Gallardo Gu\u00ed\u00f1ez,<\/strong> alumna de segundo b\u00e1sico de la Escuela Fernando Baquedano, qui\u00e9n practica el patinaje art\u00edstico desde muy peque\u00f1ita viaja hoy 19 de agosto a la ciudad de Vi\u00f1a del Mar para participar este fin de semana en el Campeonato de Federaci\u00f3n Nacional de Patinaje, donde representar\u00e1 a Yungay y por supuesto a la Regi\u00f3n de \u00d1uble, as\u00ed lo se\u00f1al\u00f3 al Equipo del Portal Yungayino.cl, su padre Carlos Gallardo.<\/p>\n<p style=\"text-align: justify;\">\u201cComo padre me siente muy orgulloso de mi hija, quien ya marc\u00f3 sus\u00a0 primeros pasos y logros a nivel provincial con una participaci\u00f3n en el a\u00f1o 2019 en Chill\u00e1n, adem\u00e1s destac\u00f3 que el pasado 14 de agosto en Chill\u00e1n, Julieta obtuvo Medalla de Oro en su categor\u00eda en la Liga del Sur de Patinaje Art\u00edstico, donde ambos tambi\u00e9n obtuvieron el primer lugar en la categor\u00eda Padre e Hija.\u201d<\/p>\n<p style=\"text-align: justify;\">Finalmente el Equipo del Portal Yungayino.cl le desea el mejor \u00e9xito a <strong>Julieta<\/strong> en este nuevo desaf\u00edo y a nivel nacional que participar\u00e1 este s\u00e1bado 20 y domingo 21 de agosto en la quinta regi\u00f3n.<\/p>\n<p>&nbsp;<\/p>\n<p style=\"text-align: justify;\">[su_button url=\u00bbhttps:\/\/web.facebook.com\/media\/set\/?vanity=yungayino.cl&amp;set=a.5956465731035083&#8243; target=\u00bbblank\u00bb size=\u00bb7&#8243; radius=\u00bbround\u00bb icon=\u00bbicon: facebook-square\u00bb]FOTOGRAF\u00cdAS &#8211; Joven Yungayina Julieta Gallardo, Promesa del Patinaje Art\u00edstico Viaja a Participar a Vi\u00f1a del Mar[\/su_button]<\/p>\n","protected":false},"excerpt":{"rendered":"<p>Yungay, agosto 2022: En una verdadera promesa del patinaje art\u00edstico se ha convertido la yungayina, joven deportista de 8 a\u00f1os de edad Julieta Ignacia Gallardo Gu\u00ed\u00f1ez, alumna de segundo b\u00e1sico de la Escuela Fernando&#46;&#46;&#46;<\/p>\n","protected":false},"author":2,"featured_media":26722,"comment_status":"closed","ping_status":"open","sticky":false,"template":"","format":"standard","meta":{"footnotes":""},"categories":[1],"tags":[956,1120,2481,1115,2642,8,6,117],"class_list":["post-26721","post","type-post","status-publish","format-standard","has-post-thumbnail","hentry","category-noticias","tag-carlos-gallardo","tag-deporte","tag-julieta-gallardo","tag-noticias","tag-patinaje","tag-yungay","tag-yungayino","tag-yungayinocl"],"_links":{"self":[{"href":"https:\/\/www.yungayino.cl\/noticias\/index.php?rest_route=\/wp\/v2\/posts\/26721","targetHints":{"allow":["GET"]}}],"collection":[{"href":"https:\/\/www.yungayino.cl\/noticias\/index.php?rest_route=\/wp\/v2\/posts"}],"about":[{"href":"https:\/\/www.yungayino.cl\/noticias\/index.php?rest_route=\/wp\/v2\/types\/post"}],"author":[{"embeddable":true,"href":"https:\/\/www.yungayino.cl\/noticias\/index.php?rest_route=\/wp\/v2\/users\/2"}],"replies":[{"embeddable":true,"href":"https:\/\/www.yungayino.cl\/noticias\/index.php?rest_route=%2Fwp%2Fv2%2Fcomments&post=26721"}],"version-history":[{"count":3,"href":"https:\/\/www.yungayino.cl\/noticias\/index.php?rest_route=\/wp\/v2\/posts\/26721\/revisions"}],"predecessor-version":[{"id":26725,"href":"https:\/\/www.yungayino.cl\/noticias\/index.php?rest_route=\/wp\/v2\/posts\/26721\/revisions\/26725"}],"wp:featuredmedia":[{"embeddable":true,"href":"https:\/\/www.yungayino.cl\/noticias\/index.php?rest_route=\/wp\/v2\/media\/26722"}],"wp:attachment":[{"href":"https:\/\/www.yungayino.cl\/noticias\/index.php?rest_route=%2Fwp%2Fv2%2Fmedia&parent=26721"}],"wp:term":[{"taxonomy":"category","embeddable":true,"href":"https:\/\/www.yungayino.cl\/noticias\/index.php?rest_route=%2Fwp%2Fv2%2Fcategories&post=26721"},{"taxonomy":"post_tag","embeddable":true,"href":"https:\/\/www.yungayino.cl\/noticias\/index.php?rest_route=%2Fwp%2Fv2%2Ftags&post=26721"}],"curies":[{"name":"wp","href":"https:\/\/api.w.org\/{rel}","templated":true}]}}