{"id":26730,"date":"2022-08-25T07:00:50","date_gmt":"2022-08-25T11:00:50","guid":{"rendered":"http:\/\/www.yungayino.cl\/noticias\/?p=26730"},"modified":"2022-08-23T14:43:59","modified_gmt":"2022-08-23T18:43:59","slug":"gobierno-regional-y-efe-firman-convenio-que-incluye-extension-del-servicio-hasta-santa-clara-y-mejoras-de-estaciones-de-nuble","status":"publish","type":"post","link":"https:\/\/www.yungayino.cl\/noticias\/?p=26730","title":{"rendered":"Gobierno Regional y EFE Firman Convenio que Incluye Extensi\u00f3n del Servicio Hasta Santa Clara y Mejoras de Estaciones de \u00d1uble"},"content":{"rendered":"<p><img loading=\"lazy\" decoding=\"async\" class=\"alignnone size-full wp-image-26731\" src=\"http:\/\/www.yungayino.cl\/noticias\/wp-content\/uploads\/2022\/08\/Nuble-efe.jpg\" alt=\"\" width=\"700\" height=\"350\" srcset=\"https:\/\/www.yungayino.cl\/noticias\/wp-content\/uploads\/2022\/08\/Nuble-efe.jpg 700w, https:\/\/www.yungayino.cl\/noticias\/wp-content\/uploads\/2022\/08\/Nuble-efe-300x150.jpg 300w\" sizes=\"auto, (max-width: 700px) 100vw, 700px\" \/><\/p>\n<p style=\"text-align: justify;\">\u00d1uble, agosto 2022: En compa\u00f1\u00eda del Presidente Boric, se firm\u00f3 el acuerdo que permitir\u00e1 extender la red del servicio dentro de la regi\u00f3n y la restauraci\u00f3n de las estaciones de San Carlos, Chill\u00e1n, Rucapequ\u00e9n, Bulnes y Santa Clara, entre otras mejoras.<\/p>\n<p style=\"text-align: justify;\">A partir de diciembre, EFE pondr\u00eda a disposici\u00f3n la ruta San Carlos- Chill\u00e1n con cuatro frecuencias diarias.<\/p>\n<p style=\"text-align: justify;\">Con la presencia del Presidente de la Rep\u00fablica, Gabriel Boric, se sell\u00f3 en la Estaci\u00f3n de Ferrocarriles de Chill\u00e1n, el compromiso entre el Gobierno Regional y la Empresa de Ferrocarriles del Estado para el desarrollo de la infraestructura ferroviaria en la Regi\u00f3n de \u00d1uble. El convenio firmado por el Gobernador Regional, \u00d3scar Cris\u00f3stomo, y el Presidente de EFE, Eric Martin, busca concretar acciones y coordinar inversiones, con el fin de potenciar el tren mejorando la infraestructura y servicio en las estaciones, adem\u00e1s de expandir los servicios regionales e interurbanos.<\/p>\n<p style=\"text-align: justify;\">En detalle, el convenio permitir\u00e1 la creaci\u00f3n de servicios de transporte ferroviario interprovinciales e interregionales; conectando desde Parral en la regi\u00f3n del Maule, a las provincias de Punilla y Diguill\u00edn en \u00d1uble; llegando hasta la comuna de Cabrero en la Regi\u00f3n del Biob\u00edo.<\/p>\n<p style=\"text-align: justify;\">El Gobernador Cris\u00f3stomo detall\u00f3 que \u201cEFE se ha comprometido a contar de diciembre, a tener la ruta San Carlos \u2013 Chill\u00e1n, en una primera instancia, con cuatro frecuencias diarias; eso permite tener mayor cercan\u00eda, mayor rapidez y tambi\u00e9n tener mayor seguridad en el desplazamiento de nuestros vecinos y vecinas y el pr\u00f3ximo a\u00f1o vamos a ir ampliando hasta llegar a Bulnes, Santa Clara y as\u00ed sucesivamente\u201d.<\/p>\n<p style=\"text-align: justify;\">La m\u00e1xima autoridad regional, pormenoriz\u00f3 que \u201ctambi\u00e9n vamos a avanzar en medidas de seguridad, en\u00a0 cruces viales, en nuevos dise\u00f1os y tambi\u00e9n en algunos pre dise\u00f1os de pasos bajo nivel\u00a0 en distintos lugares de nuestra regi\u00f3n de \u00d1uble, que permiten tambi\u00e9n mejorar la conectividad actual de las calles y que las ciudades no queden desconectadas por la l\u00ednea f\u00e9rrea, al contrario,\u00a0 queremos conectar en un sistema integrado y esta manifestaci\u00f3n de voluntades que hemos expresado EFE y el Gobierno Regional responde a esas necesidades\u201d.<\/p>\n<p style=\"text-align: justify;\">Obras en \u00d1uble<\/p>\n<p style=\"text-align: justify;\">El convenio de colaboraci\u00f3n contempla realizar mejoras tanto en las estaciones, en la infraestructura ferroviaria en general, como tambi\u00e9n en obras complementarias que otorgar\u00e1n mayor seguridad a los vecinos y vecinas que residen en sectores por donde pasa esta red.<\/p>\n<p style=\"text-align: justify;\">De esta forma, diversas comunas de \u00d1uble se ver\u00e1n beneficiadas con mejoras como el caso de la capital regional en el cruce bajo nivel de Parque Lanta\u00f1o y los cruces desnivelados en el sector poniente de San Carlos y en el centro de Bulnes.\u00a0 Adem\u00e1s, el acuerdo considera la restauraci\u00f3n de las estaciones de San Carlos, Chill\u00e1n, Rucapequ\u00e9n, Bulnes y Santa Clara y mejorar los pasos peatonales desnivelados entre andenes en toda la extensi\u00f3n de la red.<\/p>\n","protected":false},"excerpt":{"rendered":"<p>\u00d1uble, agosto 2022: En compa\u00f1\u00eda del Presidente Boric, se firm\u00f3 el acuerdo que permitir\u00e1 extender la red del servicio dentro de la regi\u00f3n y la restauraci\u00f3n de las estaciones de San Carlos, Chill\u00e1n, Rucapequ\u00e9n,&#46;&#46;&#46;<\/p>\n","protected":false},"author":2,"featured_media":26731,"comment_status":"closed","ping_status":"open","sticky":false,"template":"","format":"standard","meta":{"footnotes":""},"categories":[1],"tags":[2643,1115,1678,8,6,117],"class_list":["post-26730","post","type-post","status-publish","format-standard","has-post-thumbnail","hentry","category-noticias","tag-efe","tag-noticias","tag-nuble","tag-yungay","tag-yungayino","tag-yungayinocl"],"_links":{"self":[{"href":"https:\/\/www.yungayino.cl\/noticias\/index.php?rest_route=\/wp\/v2\/posts\/26730","targetHints":{"allow":["GET"]}}],"collection":[{"href":"https:\/\/www.yungayino.cl\/noticias\/index.php?rest_route=\/wp\/v2\/posts"}],"about":[{"href":"https:\/\/www.yungayino.cl\/noticias\/index.php?rest_route=\/wp\/v2\/types\/post"}],"author":[{"embeddable":true,"href":"https:\/\/www.yungayino.cl\/noticias\/index.php?rest_route=\/wp\/v2\/users\/2"}],"replies":[{"embeddable":true,"href":"https:\/\/www.yungayino.cl\/noticias\/index.php?rest_route=%2Fwp%2Fv2%2Fcomments&post=26730"}],"version-history":[{"count":2,"href":"https:\/\/www.yungayino.cl\/noticias\/index.php?rest_route=\/wp\/v2\/posts\/26730\/revisions"}],"predecessor-version":[{"id":26733,"href":"https:\/\/www.yungayino.cl\/noticias\/index.php?rest_route=\/wp\/v2\/posts\/26730\/revisions\/26733"}],"wp:featuredmedia":[{"embeddable":true,"href":"https:\/\/www.yungayino.cl\/noticias\/index.php?rest_route=\/wp\/v2\/media\/26731"}],"wp:attachment":[{"href":"https:\/\/www.yungayino.cl\/noticias\/index.php?rest_route=%2Fwp%2Fv2%2Fmedia&parent=26730"}],"wp:term":[{"taxonomy":"category","embeddable":true,"href":"https:\/\/www.yungayino.cl\/noticias\/index.php?rest_route=%2Fwp%2Fv2%2Fcategories&post=26730"},{"taxonomy":"post_tag","embeddable":true,"href":"https:\/\/www.yungayino.cl\/noticias\/index.php?rest_route=%2Fwp%2Fv2%2Ftags&post=26730"}],"curies":[{"name":"wp","href":"https:\/\/api.w.org\/{rel}","templated":true}]}}