{"id":26738,"date":"2022-08-26T07:00:29","date_gmt":"2022-08-26T11:00:29","guid":{"rendered":"http:\/\/www.yungayino.cl\/noticias\/?p=26738"},"modified":"2022-08-23T14:47:42","modified_gmt":"2022-08-23T18:47:42","slug":"necesidad-de-agua-y-energia-marcan-el-dialogo-en-el-primer-encuentro-empresarial-que-organizo-el-gobierno-regional-en-nuble","status":"publish","type":"post","link":"https:\/\/www.yungayino.cl\/noticias\/?p=26738","title":{"rendered":"Necesidad de Agua y Energ\u00eda Marcan el Di\u00e1logo en el Primer Encuentro Empresarial que Organiz\u00f3 el Gobierno Regional en \u00d1uble"},"content":{"rendered":"<p><img loading=\"lazy\" decoding=\"async\" class=\"alignnone size-full wp-image-26739\" src=\"http:\/\/www.yungayino.cl\/noticias\/wp-content\/uploads\/2022\/08\/crecimiento-Nuble.jpg\" alt=\"\" width=\"700\" height=\"350\" srcset=\"https:\/\/www.yungayino.cl\/noticias\/wp-content\/uploads\/2022\/08\/crecimiento-Nuble.jpg 700w, https:\/\/www.yungayino.cl\/noticias\/wp-content\/uploads\/2022\/08\/crecimiento-Nuble-300x150.jpg 300w\" sizes=\"auto, (max-width: 700px) 100vw, 700px\" \/><\/p>\n<p style=\"text-align: justify;\">\u00d1uble, agosto 2022: La urgencia en inversiones para asegurar el recurso h\u00eddrico y disponibilidad de energ\u00eda, fueron las solicitudes m\u00e1s recurrentes en las ponencias y en las consultas que se realizaron a los asistentes.<\/p>\n<p style=\"text-align: justify;\">El Gobernador adelant\u00f3 que est\u00e9 ser\u00e1 el primero de varios encuentros de conversaci\u00f3n y que el pr\u00f3ximo se analizar\u00e1 la tem\u00e1tica del agua en \u00d1uble.<\/p>\n<p style=\"text-align: justify;\">Consenso respecto a la necesidad de obras que permitan optimizar el recurso h\u00eddrico e invertir en energ\u00eda para propiciar el desarrollo de nuevos proyectos, marc\u00f3 el primer di\u00e1logo empresarial que organiz\u00f3 el Gobierno Regional y que convoc\u00f3 a los presidentes de los gremios productivos de la regi\u00f3n. \u201cJunto Reactivamos \u00d1uble\u201d, tuvo como fin analizar la situaci\u00f3n actual de \u00d1uble y discutir sobre las alternativas de crecimiento para encauzar la inversi\u00f3n p\u00fablica y privada.<\/p>\n<p style=\"text-align: justify;\">La actividad, que se desarroll\u00f3 en presencia de empresarios, acad\u00e9micos, seremis y directores de servicios, tuvo como panelistas a la directora de InvestChile, Karla Rojas, a los presidentes de la Asociaci\u00f3n de Agricultores, Carlos Gonz\u00e1lez; de la C\u00e1mara de Comercio y Turismo, Alejandro Lama; de la C\u00e1mara Chilena de la Construcci\u00f3n sede Chill\u00e1n, Ricardo Salman y del Cor\u00d1uble, Patricio Poblete. Luego de la ponencia de cada uno de los invitados, se dio paso a preguntas de hacia el p\u00fablico.<\/p>\n<p style=\"text-align: justify;\">Al respecto el Gobernador Cris\u00f3stomo, explic\u00f3 que \u201ceste di\u00e1logo responde al contexto nacional que estamos viviendo, donde hemos encontrado, m\u00e1s necesario que nunca, poder acercar posiciones y tener el espacio suficiente para dar a conocer nuestras posturas y frente a ellas, ir tomando decisiones. Lo que hemos hecho en esta jornada es conversar sobre el marco m\u00e1s general de nuestra regi\u00f3n de \u00d1uble, viendo oportunidades\u201d. Agradeci\u00f3 \u201ca la directora nacional de InvestChile, Karla Flores, que nos dio el panorama nacional e internacional que estamos enfrentando y cu\u00e1les son las oportunidades que tambi\u00e9n\u00a0 tiene \u00d1uble en el \u00e1rea\u00a0 log\u00edstica, de desarrollo e innovaci\u00f3n y\u00a0 tambi\u00e9n\u00a0 con nuestra potencialidades como el \u00e1rea tur\u00edstica y el \u00e1rea agroalimentaria,\u00a0 junto con\u00a0 ello hemos tenido la posibilidad de conversar con\u00a0 distintos gremios empresariales de la regi\u00f3n de \u00d1uble,\u00a0 que permiten ir enfocando las miradas que tenemos que ir compartiendo, a fin de tener una voz \u00fanica para ir desarrollando estrat\u00e9gicamente la regi\u00f3n de \u00d1uble\u201d.<\/p>\n<p style=\"text-align: justify;\">Asimismo, Karla Flores indic\u00f3 que \u201ccomo InvestChile estamos comprometidos a apoyar de manera decidida el trabajo de atracci\u00f3n de inversi\u00f3n extranjera en la Regi\u00f3n del \u00d1uble. Estamos seguros de que la inversi\u00f3n extranjera puede ser una herramienta de desarrollo potente, aportando empleo, generando oportunidades, capacitaci\u00f3n, investigaci\u00f3n, y encaden\u00e1ndose con las pymes proveedoras locales. Buscamos atraer inversi\u00f3n sustentable, que aporte beneficios concretos para mejorar la calidad de vida de los habitantes de la regi\u00f3n\u201d.<\/p>\n<p style=\"text-align: justify;\">Los gremios locales<\/p>\n<p style=\"text-align: justify;\">El presidente de la Asociaci\u00f3n de Agricultores, Carlos Gonz\u00e1lez agradeci\u00f3 que \u201cel Gobernador me haya considerado en esta actividad, creo que es parte de lo que tenemos que hacer la gente que estamos involucrada en los diferentes rubros y a los que representamos, en el caso m\u00edo la agricultura, de poder juntarnos con las autoridades, de poder dialogar y de poder mediante la conversaci\u00f3n avanzar, independiente de c\u00f3mo pensemos, tenemos una finalidad que es \u00d1uble y tenemos que sacarla entre todos adelante, as\u00ed que esta iniciativa la encuentro fant\u00e1stica\u201d.<\/p>\n<p style=\"text-align: justify;\">En tanto, el presidente del gremio que representa al Comercio y Turismo, Alejandro Lama, asegur\u00f3 que \u201ccoincidimos en muchos temas, sobre todo lo que dice relaci\u00f3n con fortalecer el sistema de agua, el embalse La Punilla que creemos es el proyecto m\u00e1s importante para la Regi\u00f3n de \u00d1uble, el tener agua va a significar un aumento en la productividad, en la generaci\u00f3n de empleo y todo eso, finalmente redunda en que el comercio se desarrolle porque habr\u00e1 m\u00e1s demanda. Esta es una zona eminentemente agr\u00edcola, entonces cuando le va bien a la agricultura, le va bien al comercio, a los servicios, al turismo, todo crece, es un c\u00edrculo virtuoso\u201d.<\/p>\n<p style=\"text-align: justify;\">A su vez, el presidente de la C\u00e1mara de la Construcci\u00f3n, Ricardo Salman valor\u00f3 \u201cesta experiencia de haber compartido las distintas miradas sobre las posibilidades de nuestra regi\u00f3n, esperamos poder seguir adelante trabajando en conjunto, colaborativamente como nos ha dado la posibilidad el Gobernador \u00d3scar Cris\u00f3stomo. Muy conforme con todas las ideas e iniciativas que han surgido, tenemos mucho trabajo por delante y podemos sacar una nueva regi\u00f3n, fuerte con mucho crecimiento, inversi\u00f3n y mejorar todos nuestros indicadores\u201d.<\/p>\n<p style=\"text-align: justify;\">En su ponencia el presidente de Cor\u00d1uble, Patricio Poblete asever\u00f3 que este tipo de actividades \u201cpermiten que el sector privado y el p\u00fablico conversen, definan y dan antecedentes que permiten construir una regi\u00f3n mejor, m\u00e1s pr\u00f3spera, que crezca y que, por cierto, transforme ese crecimiento en desarrollo para todo su territorio\u201d.<\/p>\n","protected":false},"excerpt":{"rendered":"<p>\u00d1uble, agosto 2022: La urgencia en inversiones para asegurar el recurso h\u00eddrico y disponibilidad de energ\u00eda, fueron las solicitudes m\u00e1s recurrentes en las ponencias y en las consultas que se realizaron a los asistentes.&#46;&#46;&#46;<\/p>\n","protected":false},"author":2,"featured_media":26739,"comment_status":"closed","ping_status":"open","sticky":false,"template":"","format":"standard","meta":{"footnotes":""},"categories":[1],"tags":[1115,1678,8,6,117],"class_list":["post-26738","post","type-post","status-publish","format-standard","has-post-thumbnail","hentry","category-noticias","tag-noticias","tag-nuble","tag-yungay","tag-yungayino","tag-yungayinocl"],"_links":{"self":[{"href":"https:\/\/www.yungayino.cl\/noticias\/index.php?rest_route=\/wp\/v2\/posts\/26738","targetHints":{"allow":["GET"]}}],"collection":[{"href":"https:\/\/www.yungayino.cl\/noticias\/index.php?rest_route=\/wp\/v2\/posts"}],"about":[{"href":"https:\/\/www.yungayino.cl\/noticias\/index.php?rest_route=\/wp\/v2\/types\/post"}],"author":[{"embeddable":true,"href":"https:\/\/www.yungayino.cl\/noticias\/index.php?rest_route=\/wp\/v2\/users\/2"}],"replies":[{"embeddable":true,"href":"https:\/\/www.yungayino.cl\/noticias\/index.php?rest_route=%2Fwp%2Fv2%2Fcomments&post=26738"}],"version-history":[{"count":2,"href":"https:\/\/www.yungayino.cl\/noticias\/index.php?rest_route=\/wp\/v2\/posts\/26738\/revisions"}],"predecessor-version":[{"id":26741,"href":"https:\/\/www.yungayino.cl\/noticias\/index.php?rest_route=\/wp\/v2\/posts\/26738\/revisions\/26741"}],"wp:featuredmedia":[{"embeddable":true,"href":"https:\/\/www.yungayino.cl\/noticias\/index.php?rest_route=\/wp\/v2\/media\/26739"}],"wp:attachment":[{"href":"https:\/\/www.yungayino.cl\/noticias\/index.php?rest_route=%2Fwp%2Fv2%2Fmedia&parent=26738"}],"wp:term":[{"taxonomy":"category","embeddable":true,"href":"https:\/\/www.yungayino.cl\/noticias\/index.php?rest_route=%2Fwp%2Fv2%2Fcategories&post=26738"},{"taxonomy":"post_tag","embeddable":true,"href":"https:\/\/www.yungayino.cl\/noticias\/index.php?rest_route=%2Fwp%2Fv2%2Ftags&post=26738"}],"curies":[{"name":"wp","href":"https:\/\/api.w.org\/{rel}","templated":true}]}}