{"id":2679,"date":"2009-12-21T22:00:06","date_gmt":"2009-12-22T02:00:06","guid":{"rendered":"http:\/\/www.yungayino.cl\/noticias\/?p=2679"},"modified":"2009-12-22T00:18:26","modified_gmt":"2009-12-22T04:18:26","slug":"pemuco-inaugura-su-flamante-primera-biblioteca-publica","status":"publish","type":"post","link":"https:\/\/www.yungayino.cl\/noticias\/?p=2679","title":{"rendered":"Pemuco Inaugura Su Flamante Primera Biblioteca P\u00fablica"},"content":{"rendered":"<p><img decoding=\"async\" src=\"http:\/\/www.yungayino.cl\/imagenes\/bibliotecapemuco.jpg\" alt=\"Pemuco Inaugura Su Flamante Primera Biblioteca P\u00fablica\" \/><\/p>\n<p align=\"justify\"><font size=\"2\">Lunes 21 de Diciembre, a las 17:30 horas se dio inicio a la inauguraci\u00f3n de la primera biblioteca p\u00fablica de Pemuco, como marco del Plan Nacional de Construcci\u00f3n de Bibliotecas P\u00fablicas, comprometido por el Gobierno de la Presidenta Bachelet, la cu\u00e1l cont\u00f3 con la presencia de la directora de Bibliotecas, Archivos y Museos (Dibam), Nivia Palma, y el Alcalde Julio Mu\u00f1oz quienes expresaron su alegr\u00eda y satisfacci\u00f3n por tan importante infraestructura para la comuna la cu\u00e1l se transformar\u00e1 en un polo de desarrollo cultural de los ni\u00f1os, j\u00f3venes, adultos mayores y vecinos de Pemuco. La Biblioteca P\u00fablica de Pemuco, de 490 metros cuadrados, cuenta con sala de lectura general, sala multiuso, sala de BiblioRedes (con conexi\u00f3n a Internet), rinc\u00f3n de audio y video, \u00e1rea infantil, juvenil y del adulto mayor, \u00e1rea de atenci\u00f3n y pr\u00e9stamo y rinc\u00f3n de prensa y revistas. La dotaci\u00f3n inicial de libros alcanza los 2.154 libros y 155 revistas. Su edificio, construido especialmente, combina la arquitectura contempor\u00e1nea con la arquitectura tradicional de la zona, su construcci\u00f3n dur\u00f3 seis meses, en la cu\u00e1l la Dibam invirti\u00f3 $292 millones. Tambi\u00e9n asistieron a esta ceremonia los Concejales de la comuna, Mireya Brice\u00f1o; Coordinadora Regional de Bibliotecas P\u00fablica de la Dibam, Claudio Iglesias; Coordinador Nacional de Infraestructura de Subdirecci\u00f3n de Bibliotecas P\u00fablicas de la Dibam, Autoridades locales, Dirigentes sociales y Comunidad en general, quienes presenciaron el tradicional corte de cinta para luego recorrer las modernas instalaciones de su nueva biblioteca p\u00fablica y compartir un coctel.<br \/>\n<a href=\"http:\/\/www.yungayino.cl\/noticias\/?p=2679#comments\">Comente Aqu\u00ed<\/a><br \/>\n<a href=\"http:\/\/www.flickr.com\/photos\/35074048@N03\/tags\/bibliotecamunicipalpemuco\/\">Fotograf\u00edas<\/a><br \/>\n<a href=\"http:\/\/www.yungayino.cl\/imagenes\/comunicadoprensa20091221.doc\">Comunicado de Prensa<\/a><br \/>\n<a href=\"http:\/\/www.youtube.com\/watch?v=P1bR-uDN42Y\">Entrevista Julio Mu\u00f1oz (Alcalde Pemuco)<\/a><br \/>\n<a href=\"http:\/\/www.youtube.com\/watch?v=v18FV6CnQqw\">Entrevista Claudio Iglesias (Coordinador DIBAM)<\/a><br \/>\n<object width=\"425\" height=\"344\"><param name=\"movie\" value=\"http:\/\/www.youtube.com\/v\/ZVj5F0vgIoQ&#038;rel=0&#038;egm=0&#038;hl=es_ES&#038;fs=1&#038;\"><\/param><param name=\"allowFullScreen\" value=\"true\"><\/param><param name=\"allowscriptaccess\" value=\"always\"><\/param><embed src=\"http:\/\/www.youtube.com\/v\/ZVj5F0vgIoQ&#038;rel=0&#038;egm=0&#038;hl=es_ES&#038;fs=1&#038;\" type=\"application\/x-shockwave-flash\" allowscriptaccess=\"always\" allowfullscreen=\"true\" width=\"425\" height=\"344\"><\/embed><\/object><\/a><\/font><\/p>\n","protected":false},"excerpt":{"rendered":"<p>Lunes 21 de Diciembre, a las 17:30 horas se dio inicio a la inauguraci\u00f3n de la primera biblioteca p\u00fablica de Pemuco, como marco del Plan Nacional de Construcci\u00f3n de Bibliotecas P\u00fablicas, comprometido por el&#46;&#46;&#46;<\/p>\n","protected":false},"author":2,"featured_media":15193,"comment_status":"open","ping_status":"open","sticky":false,"template":"","format":"standard","meta":{"footnotes":""},"categories":[1],"tags":[134,1115,30,8,6],"class_list":["post-2679","post","type-post","status-publish","format-standard","has-post-thumbnail","hentry","category-noticias","tag-biblioteca-publica","tag-noticias","tag-pemuco","tag-yungay","tag-yungayino"],"_links":{"self":[{"href":"https:\/\/www.yungayino.cl\/noticias\/index.php?rest_route=\/wp\/v2\/posts\/2679","targetHints":{"allow":["GET"]}}],"collection":[{"href":"https:\/\/www.yungayino.cl\/noticias\/index.php?rest_route=\/wp\/v2\/posts"}],"about":[{"href":"https:\/\/www.yungayino.cl\/noticias\/index.php?rest_route=\/wp\/v2\/types\/post"}],"author":[{"embeddable":true,"href":"https:\/\/www.yungayino.cl\/noticias\/index.php?rest_route=\/wp\/v2\/users\/2"}],"replies":[{"embeddable":true,"href":"https:\/\/www.yungayino.cl\/noticias\/index.php?rest_route=%2Fwp%2Fv2%2Fcomments&post=2679"}],"version-history":[{"count":11,"href":"https:\/\/www.yungayino.cl\/noticias\/index.php?rest_route=\/wp\/v2\/posts\/2679\/revisions"}],"predecessor-version":[{"id":2690,"href":"https:\/\/www.yungayino.cl\/noticias\/index.php?rest_route=\/wp\/v2\/posts\/2679\/revisions\/2690"}],"wp:featuredmedia":[{"embeddable":true,"href":"https:\/\/www.yungayino.cl\/noticias\/index.php?rest_route=\/wp\/v2\/media\/15193"}],"wp:attachment":[{"href":"https:\/\/www.yungayino.cl\/noticias\/index.php?rest_route=%2Fwp%2Fv2%2Fmedia&parent=2679"}],"wp:term":[{"taxonomy":"category","embeddable":true,"href":"https:\/\/www.yungayino.cl\/noticias\/index.php?rest_route=%2Fwp%2Fv2%2Fcategories&post=2679"},{"taxonomy":"post_tag","embeddable":true,"href":"https:\/\/www.yungayino.cl\/noticias\/index.php?rest_route=%2Fwp%2Fv2%2Ftags&post=2679"}],"curies":[{"name":"wp","href":"https:\/\/api.w.org\/{rel}","templated":true}]}}