{"id":26798,"date":"2022-08-31T07:00:01","date_gmt":"2022-08-31T11:00:01","guid":{"rendered":"http:\/\/www.yungayino.cl\/noticias\/?p=26798"},"modified":"2022-08-30T20:28:41","modified_gmt":"2022-08-31T00:28:41","slug":"personas-mayores-de-yungay-reciben-fondos-senama","status":"publish","type":"post","link":"https:\/\/www.yungayino.cl\/noticias\/?p=26798","title":{"rendered":"Personas Mayores de Yungay Reciben Fondos Senama"},"content":{"rendered":"<p><img loading=\"lazy\" decoding=\"async\" class=\"alignnone size-full wp-image-26799\" src=\"http:\/\/www.yungayino.cl\/noticias\/wp-content\/uploads\/2022\/08\/senama.jpg\" alt=\"\" width=\"700\" height=\"351\" srcset=\"https:\/\/www.yungayino.cl\/noticias\/wp-content\/uploads\/2022\/08\/senama.jpg 700w, https:\/\/www.yungayino.cl\/noticias\/wp-content\/uploads\/2022\/08\/senama-300x150.jpg 300w, https:\/\/www.yungayino.cl\/noticias\/wp-content\/uploads\/2022\/08\/senama-299x150.jpg 299w\" sizes=\"auto, (max-width: 700px) 100vw, 700px\" \/><\/p>\n<p style=\"text-align: justify;\">Yungay, agosto 2022: 13 organizaciones de personas mayores de nuestra comuna firmaron sus convenios con SENAMA para recibir los fondos otorgados por Fondo Nacional del Adulto Mayor.<\/p>\n<p style=\"text-align: justify;\">Las organizaciones fueron beneficiadas con el fondo gracias a sus proyectos autogestionados, apoyados por nuestro municipio. Equipamiento, mejoramiento y actividades recreativas son algunas de las l\u00edneas de financiamiento del fondo cuyo objetivo es favorecer la autonom\u00eda, autogesti\u00f3n, integraci\u00f3n social e independencia de los adultos mayores.<\/p>\n<p style=\"text-align: justify;\">Hasta Chill\u00e1n se trasladaron los 13 dirigentes que representan a las organizaciones beneficiadas y fueron acompa\u00f1adas por el alcalde, Rafael Cifuentes Rodr\u00edguez, Jefa Dideco, Pamela Jelves y la encargada de la oficina de personas mayores, Susana Toro.<\/p>\n","protected":false},"excerpt":{"rendered":"<p>Yungay, agosto 2022: 13 organizaciones de personas mayores de nuestra comuna firmaron sus convenios con SENAMA para recibir los fondos otorgados por Fondo Nacional del Adulto Mayor. Las organizaciones fueron beneficiadas con el fondo&#46;&#46;&#46;<\/p>\n","protected":false},"author":2,"featured_media":26799,"comment_status":"closed","ping_status":"open","sticky":false,"template":"","format":"standard","meta":{"footnotes":""},"categories":[1],"tags":[1115,2366,619,8,6,117],"class_list":["post-26798","post","type-post","status-publish","format-standard","has-post-thumbnail","hentry","category-noticias","tag-noticias","tag-personas-mayores","tag-senama","tag-yungay","tag-yungayino","tag-yungayinocl"],"_links":{"self":[{"href":"https:\/\/www.yungayino.cl\/noticias\/index.php?rest_route=\/wp\/v2\/posts\/26798","targetHints":{"allow":["GET"]}}],"collection":[{"href":"https:\/\/www.yungayino.cl\/noticias\/index.php?rest_route=\/wp\/v2\/posts"}],"about":[{"href":"https:\/\/www.yungayino.cl\/noticias\/index.php?rest_route=\/wp\/v2\/types\/post"}],"author":[{"embeddable":true,"href":"https:\/\/www.yungayino.cl\/noticias\/index.php?rest_route=\/wp\/v2\/users\/2"}],"replies":[{"embeddable":true,"href":"https:\/\/www.yungayino.cl\/noticias\/index.php?rest_route=%2Fwp%2Fv2%2Fcomments&post=26798"}],"version-history":[{"count":1,"href":"https:\/\/www.yungayino.cl\/noticias\/index.php?rest_route=\/wp\/v2\/posts\/26798\/revisions"}],"predecessor-version":[{"id":26800,"href":"https:\/\/www.yungayino.cl\/noticias\/index.php?rest_route=\/wp\/v2\/posts\/26798\/revisions\/26800"}],"wp:featuredmedia":[{"embeddable":true,"href":"https:\/\/www.yungayino.cl\/noticias\/index.php?rest_route=\/wp\/v2\/media\/26799"}],"wp:attachment":[{"href":"https:\/\/www.yungayino.cl\/noticias\/index.php?rest_route=%2Fwp%2Fv2%2Fmedia&parent=26798"}],"wp:term":[{"taxonomy":"category","embeddable":true,"href":"https:\/\/www.yungayino.cl\/noticias\/index.php?rest_route=%2Fwp%2Fv2%2Fcategories&post=26798"},{"taxonomy":"post_tag","embeddable":true,"href":"https:\/\/www.yungayino.cl\/noticias\/index.php?rest_route=%2Fwp%2Fv2%2Ftags&post=26798"}],"curies":[{"name":"wp","href":"https:\/\/api.w.org\/{rel}","templated":true}]}}