{"id":26803,"date":"2022-09-01T07:00:52","date_gmt":"2022-09-01T11:00:52","guid":{"rendered":"http:\/\/www.yungayino.cl\/noticias\/?p=26803"},"modified":"2022-08-31T08:09:19","modified_gmt":"2022-08-31T12:09:19","slug":"deportistas-nublensinos-son-nominados-a-la-seleccion-chilena-de-atletismo-sub-18","status":"publish","type":"post","link":"https:\/\/www.yungayino.cl\/noticias\/?p=26803","title":{"rendered":"Deportistas \u00d1ublensinos son Nominados a la Selecci\u00f3n Chilena de Atletismo Sub 18"},"content":{"rendered":"<p><img loading=\"lazy\" decoding=\"async\" class=\"alignnone size-full wp-image-26804\" src=\"http:\/\/www.yungayino.cl\/noticias\/wp-content\/uploads\/2022\/08\/deportistas-Nuble.jpg\" alt=\"\" width=\"700\" height=\"350\" srcset=\"https:\/\/www.yungayino.cl\/noticias\/wp-content\/uploads\/2022\/08\/deportistas-Nuble.jpg 700w, https:\/\/www.yungayino.cl\/noticias\/wp-content\/uploads\/2022\/08\/deportistas-Nuble-300x150.jpg 300w\" sizes=\"auto, (max-width: 700px) 100vw, 700px\" \/><\/p>\n<p style=\"text-align: justify;\">\u00d1uble, septiembre 2022: Leonardo Olate, en salto con garrocha, y Sebasti\u00e1n Dossow, en medio fondo, viajar\u00e1n a Brasil para representar a Chile.<\/p>\n<p style=\"text-align: justify;\">La Federaci\u00f3n Atl\u00e9tica de Chile public\u00f3 la n\u00f3mina final de deportistas convocados para representar al pa\u00eds en el Campeonato Sudamericano de Atletismo Sub 18 que se realizar\u00e1 del 9 al 11 de septiembre en Sao Paulo, Brasil.<\/p>\n<p style=\"text-align: justify;\">Entre los 24 seleccionados se encuentran dos deportistas \u00f1ublensinos: Leonardo Olate, oriundo de la comuna de San Nicol\u00e1s y especialista en salto con garrocha; y Sebasti\u00e1n Dossow, perteneciente a Chill\u00e1n y que competir\u00e1 en 1.500 metros planos.<\/p>\n<p style=\"text-align: justify;\">Cabe destacar que ambos deportistas forman parte de programas de apoyo y seguimiento ejecutados por el Mindep-IND \u00d1uble, a trav\u00e9s de su Departamento de Deporte Competitivo: Leonardo Olate pertenece a \u201cPromesas Chile\u201d, y Sebasti\u00e1n Dossow a \u201cPromesas \u00d1uble\u201d.<\/p>\n<p style=\"text-align: justify;\">\u201cEsto sin duda es un premio al esfuerzo y perseverancia de estos grandes talentos, y que hemos podido potenciar a trav\u00e9s de Promesas Chile y Promesas \u00d1uble. Con esta nominaci\u00f3n volvemos a confirmar todo el potencial deportivo que hay en \u00d1uble y que nuestro deber es seguir impulsando. Adem\u00e1s, es un ejemplo para los m\u00e1s peque\u00f1os de que con trabajo y dedicaci\u00f3n pueden llegar a ser seleccionados chilenos\u201d, asegur\u00f3 el Seremi del Deporte, Julio Jorquera.<\/p>\n<p style=\"text-align: justify;\">Por su parte, Alexis Quiroga, entrenador de atletismo de Promesas Chile en \u00d1uble, tambi\u00e9n viajar\u00e1 a Brasil como t\u00e9cnico a cargo de las pruebas combinadas y de lanzamiento del equipo chileno.<\/p>\n<p style=\"text-align: justify;\">\u201cMi nominaci\u00f3n como t\u00e9cnico me deja contento. Creo que ser\u00e9 un aporte para los deportistas que competir\u00e1n en lanzamiento y las pruebas combinadas. El dirigir atletas en distintas \u00e1reas te da las competencias y la confianza para asumir este desaf\u00edo. Esperamos representar a Chile de la mejor forma en Brasil\u00a0 y sobre todo traer buenos resultados para \u00d1uble\u201d, sostuvo Quiroga.<\/p>\n","protected":false},"excerpt":{"rendered":"<p>\u00d1uble, septiembre 2022: Leonardo Olate, en salto con garrocha, y Sebasti\u00e1n Dossow, en medio fondo, viajar\u00e1n a Brasil para representar a Chile. La Federaci\u00f3n Atl\u00e9tica de Chile public\u00f3 la n\u00f3mina final de deportistas convocados&#46;&#46;&#46;<\/p>\n","protected":false},"author":2,"featured_media":26804,"comment_status":"closed","ping_status":"open","sticky":false,"template":"","format":"standard","meta":{"footnotes":""},"categories":[17,1],"tags":[1120,1115,1678,8,6,117],"class_list":["post-26803","post","type-post","status-publish","format-standard","has-post-thumbnail","hentry","category-deporte","category-noticias","tag-deporte","tag-noticias","tag-nuble","tag-yungay","tag-yungayino","tag-yungayinocl"],"_links":{"self":[{"href":"https:\/\/www.yungayino.cl\/noticias\/index.php?rest_route=\/wp\/v2\/posts\/26803","targetHints":{"allow":["GET"]}}],"collection":[{"href":"https:\/\/www.yungayino.cl\/noticias\/index.php?rest_route=\/wp\/v2\/posts"}],"about":[{"href":"https:\/\/www.yungayino.cl\/noticias\/index.php?rest_route=\/wp\/v2\/types\/post"}],"author":[{"embeddable":true,"href":"https:\/\/www.yungayino.cl\/noticias\/index.php?rest_route=\/wp\/v2\/users\/2"}],"replies":[{"embeddable":true,"href":"https:\/\/www.yungayino.cl\/noticias\/index.php?rest_route=%2Fwp%2Fv2%2Fcomments&post=26803"}],"version-history":[{"count":1,"href":"https:\/\/www.yungayino.cl\/noticias\/index.php?rest_route=\/wp\/v2\/posts\/26803\/revisions"}],"predecessor-version":[{"id":26805,"href":"https:\/\/www.yungayino.cl\/noticias\/index.php?rest_route=\/wp\/v2\/posts\/26803\/revisions\/26805"}],"wp:featuredmedia":[{"embeddable":true,"href":"https:\/\/www.yungayino.cl\/noticias\/index.php?rest_route=\/wp\/v2\/media\/26804"}],"wp:attachment":[{"href":"https:\/\/www.yungayino.cl\/noticias\/index.php?rest_route=%2Fwp%2Fv2%2Fmedia&parent=26803"}],"wp:term":[{"taxonomy":"category","embeddable":true,"href":"https:\/\/www.yungayino.cl\/noticias\/index.php?rest_route=%2Fwp%2Fv2%2Fcategories&post=26803"},{"taxonomy":"post_tag","embeddable":true,"href":"https:\/\/www.yungayino.cl\/noticias\/index.php?rest_route=%2Fwp%2Fv2%2Ftags&post=26803"}],"curies":[{"name":"wp","href":"https:\/\/api.w.org\/{rel}","templated":true}]}}