{"id":26843,"date":"2022-09-30T07:00:40","date_gmt":"2022-09-30T11:00:40","guid":{"rendered":"http:\/\/www.yungayino.cl\/noticias\/?p=26843"},"modified":"2022-09-22T20:28:50","modified_gmt":"2022-09-23T00:28:50","slug":"se-confirman-los-juegos-de-la-araucania-2022-con-deportistas-chilenos-y-argentinos","status":"publish","type":"post","link":"https:\/\/www.yungayino.cl\/noticias\/?p=26843","title":{"rendered":"Se Confirman los Juegos de la Araucan\u00eda 2022 con Deportistas Chilenos y Argentinos"},"content":{"rendered":"<p><img loading=\"lazy\" decoding=\"async\" class=\"alignnone size-full wp-image-26844\" src=\"http:\/\/www.yungayino.cl\/noticias\/wp-content\/uploads\/2022\/09\/juegos-araucania.jpg\" alt=\"\" width=\"700\" height=\"350\" srcset=\"https:\/\/www.yungayino.cl\/noticias\/wp-content\/uploads\/2022\/09\/juegos-araucania.jpg 700w, https:\/\/www.yungayino.cl\/noticias\/wp-content\/uploads\/2022\/09\/juegos-araucania-300x150.jpg 300w\" sizes=\"auto, (max-width: 700px) 100vw, 700px\" \/><\/p>\n<p style=\"text-align: justify;\">Septiembre 2022: Este a\u00f1o la competencia se llevar\u00e1 a cabo \u00edntegramente en la regi\u00f3n de Los Lagos, entre el 14 y 20 de noviembre.<\/p>\n<p style=\"text-align: justify;\">Con una ceremonia protocolar en la ciudad de Puerto Montt, se realiz\u00f3 el lanzamiento oficial de los Juegos Binacionales de la Araucan\u00eda 2022, una de las competencias con m\u00e1s tradici\u00f3n organizadas por el Ministerio del Deporte y el Instituto Nacional de Deportes, y que este a\u00f1o se realizar\u00e1 \u00edntegramente en la regi\u00f3n de Los Lagos entre el 14 y el 20 de noviembre.<\/p>\n<p style=\"text-align: justify;\">La competencia, que se realiza desde el a\u00f1o 1992, volver\u00e1 a reunir a deportistas entre 15 y 19 a\u00f1os de las regiones y provincias del sur de Chile y Argentina, respectivamente. Se espera que compitan m\u00e1s de 2.500 j\u00f3venes en las disciplinas de atletismo, f\u00fatbol, nataci\u00f3n, b\u00e1squetbol, judo, v\u00f3leibol y ciclismo, todas con sus categor\u00edas femeninas y masculinas.<\/p>\n<p style=\"text-align: justify;\">\u201cEs una gran noticia poder volver a reunirnos con nuestros hermanos argentinos, luego de dos a\u00f1os en que no se pudo realizar en conjunto por un contexto de pandemia m\u00e1s cr\u00edtico. Adem\u00e1s del gran nivel competitivo que caracteriza a estos Juegos, es una gran instancia de integraci\u00f3n y aprendizaje para deportistas que se est\u00e1n formando y recordar\u00e1n estas experiencias toda su vida\u201d, sostuvo el Seremi del Deporte, Julio Jorquera.<\/p>\n<p style=\"text-align: justify;\">En cuanto a las sedes por disciplina, la ciudad de Osorno recibir\u00e1 el judo y el f\u00fatbol femenino; Puerto Montt el v\u00f3leibol, ciclismo, f\u00fatbol masculino, nataci\u00f3n y atletismo; Ancud el b\u00e1squetbol femenino; y Castro el b\u00e1squetbol masculino.<\/p>\n<p style=\"text-align: justify;\">Sobre los equipos que representar\u00e1n a <strong>\u00d1uble<\/strong>, el Director del IND \u00d1uble, Carlos Chand\u00eda, explic\u00f3 que \u201ctodas nuestras selecciones regionales se vienen preparando hace a\u00f1os gracias a los centros de entrenamiento financiados por el proyecto Gore-Promesas \u00d1uble. Es un programa pionero a nivel pa\u00eds, que nos ha permitido entregar a nuestros deportistas todas las condiciones para una \u00f3ptima preparaci\u00f3n. Eso nos permite ir con altas expectativas a estos Juegos\u201d.<\/p>\n<p style=\"text-align: justify;\">Por su parte, Ceferino Mart\u00ednez, Subsecretario de Deportes de la Provincia de La Pampa, Argentina, y Presidente de los Juegos de la Araucan\u00eda, sostuvo que \u201cpara nosotros es important\u00edsimo que despu\u00e9s de dos a\u00f1os de mucha incertidumbre, pudimos lograr con un trabajo mancomunado entre los Secretarios de Deportes argentinos y los Directores Regionales chilenos, llevar adelante esta competencia que son como los Juegos Ol\u00edmpicos de la Patagonia chilena y argentina\u201d.<\/p>\n","protected":false},"excerpt":{"rendered":"<p>Septiembre 2022: Este a\u00f1o la competencia se llevar\u00e1 a cabo \u00edntegramente en la regi\u00f3n de Los Lagos, entre el 14 y 20 de noviembre. Con una ceremonia protocolar en la ciudad de Puerto Montt,&#46;&#46;&#46;<\/p>\n","protected":false},"author":2,"featured_media":26844,"comment_status":"closed","ping_status":"open","sticky":false,"template":"","format":"standard","meta":{"footnotes":""},"categories":[17,1],"tags":[1120,2653,1115,8,6,117],"class_list":["post-26843","post","type-post","status-publish","format-standard","has-post-thumbnail","hentry","category-deporte","category-noticias","tag-deporte","tag-juegos-de-la-araucania-2022","tag-noticias","tag-yungay","tag-yungayino","tag-yungayinocl"],"_links":{"self":[{"href":"https:\/\/www.yungayino.cl\/noticias\/index.php?rest_route=\/wp\/v2\/posts\/26843","targetHints":{"allow":["GET"]}}],"collection":[{"href":"https:\/\/www.yungayino.cl\/noticias\/index.php?rest_route=\/wp\/v2\/posts"}],"about":[{"href":"https:\/\/www.yungayino.cl\/noticias\/index.php?rest_route=\/wp\/v2\/types\/post"}],"author":[{"embeddable":true,"href":"https:\/\/www.yungayino.cl\/noticias\/index.php?rest_route=\/wp\/v2\/users\/2"}],"replies":[{"embeddable":true,"href":"https:\/\/www.yungayino.cl\/noticias\/index.php?rest_route=%2Fwp%2Fv2%2Fcomments&post=26843"}],"version-history":[{"count":2,"href":"https:\/\/www.yungayino.cl\/noticias\/index.php?rest_route=\/wp\/v2\/posts\/26843\/revisions"}],"predecessor-version":[{"id":26930,"href":"https:\/\/www.yungayino.cl\/noticias\/index.php?rest_route=\/wp\/v2\/posts\/26843\/revisions\/26930"}],"wp:featuredmedia":[{"embeddable":true,"href":"https:\/\/www.yungayino.cl\/noticias\/index.php?rest_route=\/wp\/v2\/media\/26844"}],"wp:attachment":[{"href":"https:\/\/www.yungayino.cl\/noticias\/index.php?rest_route=%2Fwp%2Fv2%2Fmedia&parent=26843"}],"wp:term":[{"taxonomy":"category","embeddable":true,"href":"https:\/\/www.yungayino.cl\/noticias\/index.php?rest_route=%2Fwp%2Fv2%2Fcategories&post=26843"},{"taxonomy":"post_tag","embeddable":true,"href":"https:\/\/www.yungayino.cl\/noticias\/index.php?rest_route=%2Fwp%2Fv2%2Ftags&post=26843"}],"curies":[{"name":"wp","href":"https:\/\/api.w.org\/{rel}","templated":true}]}}