{"id":26881,"date":"2022-09-13T07:00:57","date_gmt":"2022-09-13T11:00:57","guid":{"rendered":"http:\/\/www.yungayino.cl\/noticias\/?p=26881"},"modified":"2022-09-12T12:57:14","modified_gmt":"2022-09-12T16:57:14","slug":"nuble-y-neuquen-firman-compromiso-para-concretar-paso-minas-nuble","status":"publish","type":"post","link":"https:\/\/www.yungayino.cl\/noticias\/?p=26881","title":{"rendered":"\u00d1uble y Neuqu\u00e9n Firman Compromiso Para Concretar Paso Minas-\u00d1uble"},"content":{"rendered":"<p><img loading=\"lazy\" decoding=\"async\" class=\"alignnone wp-image-26882 size-full\" src=\"http:\/\/www.yungayino.cl\/noticias\/wp-content\/uploads\/2022\/09\/firma-convenio.jpg\" alt=\"\" width=\"700\" height=\"350\" srcset=\"https:\/\/www.yungayino.cl\/noticias\/wp-content\/uploads\/2022\/09\/firma-convenio.jpg 700w, https:\/\/www.yungayino.cl\/noticias\/wp-content\/uploads\/2022\/09\/firma-convenio-300x150.jpg 300w\" sizes=\"auto, (max-width: 700px) 100vw, 700px\" \/><\/p>\n<p style=\"text-align: justify;\">\u00d1uble, septiembre 2022: El documento, que fue suscrito por el Gobernador Cris\u00f3stomo y el Gobernador Guti\u00e9rrez, tambi\u00e9n busca impulsar la asociatividad en materias como cooperaci\u00f3n internacional, equidad de g\u00e9nero, turismo, entre otros; adem\u00e1s de desarrollar iniciativas enfocadas en la reactivaci\u00f3n econ\u00f3mica.<\/p>\n<p style=\"text-align: justify;\">Un compromiso bilateral, que incluye sumar esfuerzos para concretar el Paso Minas-\u00d1uble, firmaron esta ma\u00f1ana el Gobernador Regional \u00d3scar Cris\u00f3stomo y el Gobernador de la Provincia de Neuqu\u00e9n, Omar Guti\u00e9rrez, con el fin de continuar promoviendo la internacionalizaci\u00f3n de la regi\u00f3n, uno de los aspectos que ha impulsado la m\u00e1xima autoridad de \u00d1uble.<\/p>\n<p style=\"text-align: justify;\">En este sentido, el Gobernador Cris\u00f3stomo, junto con detallar el acuerdo que establece espacios de cooperaci\u00f3n y asociatividad, asegur\u00f3 que \u201cel Gobernador de Neuqu\u00e9n se ha comprometido que al final de su per\u00edodo, esto quiere decir al final del a\u00f1o 2023, este paso debe estar habilitado. Por parte nuestra, como Gobierno Regional de \u00d1uble, hemos estado trabajando para que eso sea realidad, por lo tanto, queremos decirle a los habitantes de la Regi\u00f3n de \u00d1uble, y particularmente a aquellas comunas que son lim\u00edtrofes, que vamos a cumplir el compromiso, vamos a seguir avanzando, para que el 2023 est\u00e9 abierto este paso y generando tambi\u00e9n toda la infraestructura necesaria para que esto nos d\u00e9 la mejor conectividad\u201d.<\/p>\n<p style=\"text-align: justify;\">Agreg\u00f3 que \u201ceste paso finalmente tiene que tener una mirada estrat\u00e9gica que permita que ambas regiones puedan ganar en t\u00e9rminos de intercambios comerciales, que lo que no tienen ellos y tenemos nosotros lo podamos entregar para que ellos puedan desarrollarlo, y viceversa\u201d.<\/p>\n<p style=\"text-align: justify;\">Por otra parte, el Gobernador Guti\u00e9rrez destac\u00f3 que este hito es \u201cmuy importante, unir al norte neuquino, al departamento Minas de la Provincia de Neuqu\u00e9n de la Patagonia al departamento de la Regi\u00f3n de \u00d1uble. Es muy importante mostrar la decisi\u00f3n pol\u00edtica, de tomar las decisiones y sacar adelante las inversiones que nos permitan acercarnos e integrarnos, para juntos, respetando nuestras historias, integrarnos culturalmente, deportivamente, energ\u00e9ticamente, econ\u00f3micamente, tur\u00edsticamente (\u2026) en fin, se abre una puerta que la queremos transitar, la queremos atravesar y es de esta manera, visit\u00e1ndonos y trabajando en equipo (\u2026) construyendo con el otro, en el respeto, una visi\u00f3n compartida y una estrategia consensuada\u201d. A su vez, recalc\u00f3 que \u201ctomar las decisiones que permitan concretar esta integraci\u00f3n, es muy importante, como el paso que es un elemento m\u00e1s, pero un elemento muy importante\u201d.<\/p>\n<p style=\"text-align: justify;\">Cabe se\u00f1alar que el acta de compromiso bilateral para intercambios entre la Regi\u00f3n de \u00d1uble y la Provincia de Neuqu\u00e9n tambi\u00e9n busca fomentar la asociatividad de ambos territorios en \u00e1mbitos como la cooperaci\u00f3n internacional; pol\u00edticas sociales; equidad de g\u00e9nero; proyectos de infraestructura; energ\u00eda y telecomunicaciones; comercio, turismo y producci\u00f3n; educaci\u00f3n; entre otras \u00e1reas de inter\u00e9s. Asimismo, permitir\u00e1 desarrollar iniciativas y proyectos con enfoque en la reactivaci\u00f3n econ\u00f3mica.<\/p>\n","protected":false},"excerpt":{"rendered":"<p>\u00d1uble, septiembre 2022: El documento, que fue suscrito por el Gobernador Cris\u00f3stomo y el Gobernador Guti\u00e9rrez, tambi\u00e9n busca impulsar la asociatividad en materias como cooperaci\u00f3n internacional, equidad de g\u00e9nero, turismo, entre otros; adem\u00e1s de&#46;&#46;&#46;<\/p>\n","protected":false},"author":2,"featured_media":26882,"comment_status":"closed","ping_status":"open","sticky":false,"template":"","format":"standard","meta":{"footnotes":""},"categories":[3,1],"tags":[2638,2655,1115,1678,2654,8,6,117],"class_list":["post-26881","post","type-post","status-publish","format-standard","has-post-thumbnail","hentry","category-actualidad","category-noticias","tag-argentina","tag-neuquen","tag-noticias","tag-nuble","tag-paso-minas-nuble","tag-yungay","tag-yungayino","tag-yungayinocl"],"_links":{"self":[{"href":"https:\/\/www.yungayino.cl\/noticias\/index.php?rest_route=\/wp\/v2\/posts\/26881","targetHints":{"allow":["GET"]}}],"collection":[{"href":"https:\/\/www.yungayino.cl\/noticias\/index.php?rest_route=\/wp\/v2\/posts"}],"about":[{"href":"https:\/\/www.yungayino.cl\/noticias\/index.php?rest_route=\/wp\/v2\/types\/post"}],"author":[{"embeddable":true,"href":"https:\/\/www.yungayino.cl\/noticias\/index.php?rest_route=\/wp\/v2\/users\/2"}],"replies":[{"embeddable":true,"href":"https:\/\/www.yungayino.cl\/noticias\/index.php?rest_route=%2Fwp%2Fv2%2Fcomments&post=26881"}],"version-history":[{"count":1,"href":"https:\/\/www.yungayino.cl\/noticias\/index.php?rest_route=\/wp\/v2\/posts\/26881\/revisions"}],"predecessor-version":[{"id":26883,"href":"https:\/\/www.yungayino.cl\/noticias\/index.php?rest_route=\/wp\/v2\/posts\/26881\/revisions\/26883"}],"wp:featuredmedia":[{"embeddable":true,"href":"https:\/\/www.yungayino.cl\/noticias\/index.php?rest_route=\/wp\/v2\/media\/26882"}],"wp:attachment":[{"href":"https:\/\/www.yungayino.cl\/noticias\/index.php?rest_route=%2Fwp%2Fv2%2Fmedia&parent=26881"}],"wp:term":[{"taxonomy":"category","embeddable":true,"href":"https:\/\/www.yungayino.cl\/noticias\/index.php?rest_route=%2Fwp%2Fv2%2Fcategories&post=26881"},{"taxonomy":"post_tag","embeddable":true,"href":"https:\/\/www.yungayino.cl\/noticias\/index.php?rest_route=%2Fwp%2Fv2%2Ftags&post=26881"}],"curies":[{"name":"wp","href":"https:\/\/api.w.org\/{rel}","templated":true}]}}