{"id":26889,"date":"2022-09-15T13:00:48","date_gmt":"2022-09-15T17:00:48","guid":{"rendered":"http:\/\/www.yungayino.cl\/noticias\/?p=26889"},"modified":"2022-09-15T17:08:41","modified_gmt":"2022-09-15T21:08:41","slug":"comunidad-de-campanario-participo-del-tedeum-acto-civico-y-vino-de-honor-en-fiestas-patrias-2022","status":"publish","type":"post","link":"https:\/\/www.yungayino.cl\/noticias\/?p=26889","title":{"rendered":"Comunidad de Campanario Particip\u00f3 del Tedeum, Acto C\u00edvico y Vino de Honor en Fiestas Patrias 2022"},"content":{"rendered":"<p><img loading=\"lazy\" decoding=\"async\" class=\"alignnone wp-image-26892 size-full\" src=\"http:\/\/www.yungayino.cl\/noticias\/wp-content\/uploads\/2022\/09\/portada-3.jpg\" alt=\"\" width=\"700\" height=\"350\" srcset=\"https:\/\/www.yungayino.cl\/noticias\/wp-content\/uploads\/2022\/09\/portada-3.jpg 700w, https:\/\/www.yungayino.cl\/noticias\/wp-content\/uploads\/2022\/09\/portada-3-300x150.jpg 300w\" sizes=\"auto, (max-width: 700px) 100vw, 700px\" \/><\/p>\n<p style=\"text-align: justify;\">Campanario, jueves 15 de septiembre 2022: La comunidad de Campanario particip\u00f3 del Tedeum, Acto C\u00edvico y Vino de Honor con motivo de las Fiestas Patrias 2022.<\/p>\n<p style=\"text-align: justify;\">La jornada se inici\u00f3 a las 11:00 horas con Te Deum en la Capilla San Jos\u00e9, para luego participar del Acto C\u00edvico frente al Gimnasio de Campanario, el cual estuvo encabezada por el alcalde Sr. Rafael Cifuentes qui\u00e9n en compa\u00f1\u00eda de Concejales, autoridades locales, representantes del Liceo de Campanario e invitados iniciaron el acto con la entonaci\u00f3n del Himno Nacional.<\/p>\n<p style=\"text-align: justify;\">En la ocasi\u00f3n se realizaron una alocuci\u00f3n patri\u00f3tica, presentaciones art\u00edsticas, muestras de nuestro baile nacional, adem\u00e1s la participaci\u00f3n del <strong>Club de Huaso \u201cCipriano Stevens\u201d<\/strong> presidida por Freddy Stevens, quienes fueron los encargados de ofrecer a las autoridades e invitados el tradicional \u201ccacho en chicha\u201d.<\/p>\n<p style=\"text-align: justify;\">Una vez finalizado el acto se hizo el tradicional vino de honor que por razones de pandemia se hizo de manera ordenada y restringida de acuerdo a protocolo, finalmente destacar que hoy a las 16:00 se realizar\u00e1 la Inauguraci\u00f3n de Ramadas en Campanario y a las 18:00 horas en Yungay.<\/p>\n<p>&nbsp;<\/p>\n<p style=\"text-align: justify;\">[su_button url=\u00bbhttps:\/\/web.facebook.com\/yungayino.cl\/photos\/album\/create\u00bb target=\u00bbblank\u00bb size=\u00bb7&#8243; radius=\u00bbround\u00bb icon=\u00bbicon: facebook-square\u00bb]FOTOGRAF\u00cdAS &#8211; Comunidad de Campanario Particip\u00f3 del Tedeum, Acto C\u00edvico y Vino de Honor en Fiestas Patrias 2022[\/su_button]<\/p>\n","protected":false},"excerpt":{"rendered":"<p>Campanario, jueves 15 de septiembre 2022: La comunidad de Campanario particip\u00f3 del Tedeum, Acto C\u00edvico y Vino de Honor con motivo de las Fiestas Patrias 2022. La jornada se inici\u00f3 a las 11:00 horas&#46;&#46;&#46;<\/p>\n","protected":false},"author":2,"featured_media":26892,"comment_status":"closed","ping_status":"open","sticky":false,"template":"","format":"standard","meta":{"footnotes":""},"categories":[1],"tags":[31,454,528,1115,8,6,117],"class_list":["post-26889","post","type-post","status-publish","format-standard","has-post-thumbnail","hentry","category-noticias","tag-campanario","tag-desfile","tag-fiestas-patrias","tag-noticias","tag-yungay","tag-yungayino","tag-yungayinocl"],"_links":{"self":[{"href":"https:\/\/www.yungayino.cl\/noticias\/index.php?rest_route=\/wp\/v2\/posts\/26889","targetHints":{"allow":["GET"]}}],"collection":[{"href":"https:\/\/www.yungayino.cl\/noticias\/index.php?rest_route=\/wp\/v2\/posts"}],"about":[{"href":"https:\/\/www.yungayino.cl\/noticias\/index.php?rest_route=\/wp\/v2\/types\/post"}],"author":[{"embeddable":true,"href":"https:\/\/www.yungayino.cl\/noticias\/index.php?rest_route=\/wp\/v2\/users\/2"}],"replies":[{"embeddable":true,"href":"https:\/\/www.yungayino.cl\/noticias\/index.php?rest_route=%2Fwp%2Fv2%2Fcomments&post=26889"}],"version-history":[{"count":6,"href":"https:\/\/www.yungayino.cl\/noticias\/index.php?rest_route=\/wp\/v2\/posts\/26889\/revisions"}],"predecessor-version":[{"id":26901,"href":"https:\/\/www.yungayino.cl\/noticias\/index.php?rest_route=\/wp\/v2\/posts\/26889\/revisions\/26901"}],"wp:featuredmedia":[{"embeddable":true,"href":"https:\/\/www.yungayino.cl\/noticias\/index.php?rest_route=\/wp\/v2\/media\/26892"}],"wp:attachment":[{"href":"https:\/\/www.yungayino.cl\/noticias\/index.php?rest_route=%2Fwp%2Fv2%2Fmedia&parent=26889"}],"wp:term":[{"taxonomy":"category","embeddable":true,"href":"https:\/\/www.yungayino.cl\/noticias\/index.php?rest_route=%2Fwp%2Fv2%2Fcategories&post=26889"},{"taxonomy":"post_tag","embeddable":true,"href":"https:\/\/www.yungayino.cl\/noticias\/index.php?rest_route=%2Fwp%2Fv2%2Ftags&post=26889"}],"curies":[{"name":"wp","href":"https:\/\/api.w.org\/{rel}","templated":true}]}}