{"id":26902,"date":"2022-09-15T21:00:43","date_gmt":"2022-09-16T01:00:43","guid":{"rendered":"http:\/\/www.yungayino.cl\/noticias\/?p=26902"},"modified":"2022-09-16T00:00:38","modified_gmt":"2022-09-16T04:00:38","slug":"autoridades-inauguran-oficialmente-ramadas-fiestas-patrias-2022-en-yungay","status":"publish","type":"post","link":"https:\/\/www.yungayino.cl\/noticias\/?p=26902","title":{"rendered":"Autoridades Inauguran Oficialmente Ramadas Fiestas Patrias 2022 en Yungay"},"content":{"rendered":"<p><img loading=\"lazy\" decoding=\"async\" class=\"alignnone wp-image-26904 size-full\" src=\"http:\/\/www.yungayino.cl\/noticias\/wp-content\/uploads\/2022\/09\/portada-4.jpg\" alt=\"\" width=\"700\" height=\"350\" srcset=\"https:\/\/www.yungayino.cl\/noticias\/wp-content\/uploads\/2022\/09\/portada-4.jpg 700w, https:\/\/www.yungayino.cl\/noticias\/wp-content\/uploads\/2022\/09\/portada-4-300x150.jpg 300w\" sizes=\"auto, (max-width: 700px) 100vw, 700px\" \/><\/p>\n<p style=\"text-align: justify;\">Yungay, jueves 15 de septiembre 2022: Luego de dos a\u00f1os de ausencia debido a la pandemia volvieron las tradicionales ramadas a nuestra comuna, las cuales se inauguraron hoy jueves 15 de septiembre a partir de las 16:00 horas con una comitiva liderada por el Alcalde Sr. Rafael Cifuentes Rodr\u00edguez y miembros del Honorable Concejo comunal, adem\u00e1s de Funcionarios Municipales.<\/p>\n<p style=\"text-align: justify;\">En Campanario el alcalde Rafael Cifuentes inaugur\u00f3 con el tradicional corte de cinta la primera ramada y locales de cociner\u00edas, adem\u00e1s de chicher\u00edas, para luego a las 18:00 horas trasladarse a Yungay y continuar con este tradicional recorrido acompa\u00f1ado por la Agrupaci\u00f3n Folcl\u00f3rica Cantares de Yungay, quienes deleitaron a los\u00a0 presentes con su variado repertorio de cuecas y donde se\u00a0 pudo apreciar los primeros pies de cuecas\u00a0 por parte de la autoridad comunal.<\/p>\n<p style=\"text-align: justify;\">Finalmente destacar que ha cada fondero se le hizo entrega de un Galvano en agradecimiento por mantener esta tradici\u00f3n, adem\u00e1s el Edil les deseo que les fuera muy bien, tambi\u00e9n hizo un llamado a toda la comunidad a compartir en unidad y disfrutar de estas Fiestas Patrias 2022.<\/p>\n<p>&nbsp;<\/p>\n<p style=\"text-align: justify;\">[su_button url=\u00bbhttps:\/\/web.facebook.com\/media\/set\/?vanity=yungayino.cl&amp;set=a.6033241193357536&#8243; target=\u00bbblank\u00bb size=\u00bb7&#8243; radius=\u00bbround\u00bb icon=\u00bbicon: facebook-square\u00bb]FOTOGRAF\u00cdAS INAUGURACI\u00d3N EN CAMPANARIO[\/su_button]<\/p>\n<p>&nbsp;<\/p>\n<p style=\"text-align: justify;\">[su_button url=\u00bbhttps:\/\/web.facebook.com\/media\/set\/?vanity=yungayino.cl&amp;set=a.6033163146698674&#8243; target=\u00bbblank\u00bb size=\u00bb7&#8243; radius=\u00bbround\u00bb icon=\u00bbicon: facebook-square\u00bb]FOTOGRAF\u00cdAS INAUGURACI\u00d3N EN YUNGAY[\/su_button]<\/p>\n","protected":false},"excerpt":{"rendered":"<p>Yungay, jueves 15 de septiembre 2022: Luego de dos a\u00f1os de ausencia debido a la pandemia volvieron las tradicionales ramadas a nuestra comuna, las cuales se inauguraron hoy jueves 15 de septiembre a partir&#46;&#46;&#46;<\/p>\n","protected":false},"author":2,"featured_media":26904,"comment_status":"closed","ping_status":"open","sticky":false,"template":"","format":"standard","meta":{"footnotes":""},"categories":[1],"tags":[31,528,1115,251,8,6,117],"class_list":["post-26902","post","type-post","status-publish","format-standard","has-post-thumbnail","hentry","category-noticias","tag-campanario","tag-fiestas-patrias","tag-noticias","tag-ramadas","tag-yungay","tag-yungayino","tag-yungayinocl"],"_links":{"self":[{"href":"https:\/\/www.yungayino.cl\/noticias\/index.php?rest_route=\/wp\/v2\/posts\/26902","targetHints":{"allow":["GET"]}}],"collection":[{"href":"https:\/\/www.yungayino.cl\/noticias\/index.php?rest_route=\/wp\/v2\/posts"}],"about":[{"href":"https:\/\/www.yungayino.cl\/noticias\/index.php?rest_route=\/wp\/v2\/types\/post"}],"author":[{"embeddable":true,"href":"https:\/\/www.yungayino.cl\/noticias\/index.php?rest_route=\/wp\/v2\/users\/2"}],"replies":[{"embeddable":true,"href":"https:\/\/www.yungayino.cl\/noticias\/index.php?rest_route=%2Fwp%2Fv2%2Fcomments&post=26902"}],"version-history":[{"count":5,"href":"https:\/\/www.yungayino.cl\/noticias\/index.php?rest_route=\/wp\/v2\/posts\/26902\/revisions"}],"predecessor-version":[{"id":26908,"href":"https:\/\/www.yungayino.cl\/noticias\/index.php?rest_route=\/wp\/v2\/posts\/26902\/revisions\/26908"}],"wp:featuredmedia":[{"embeddable":true,"href":"https:\/\/www.yungayino.cl\/noticias\/index.php?rest_route=\/wp\/v2\/media\/26904"}],"wp:attachment":[{"href":"https:\/\/www.yungayino.cl\/noticias\/index.php?rest_route=%2Fwp%2Fv2%2Fmedia&parent=26902"}],"wp:term":[{"taxonomy":"category","embeddable":true,"href":"https:\/\/www.yungayino.cl\/noticias\/index.php?rest_route=%2Fwp%2Fv2%2Fcategories&post=26902"},{"taxonomy":"post_tag","embeddable":true,"href":"https:\/\/www.yungayino.cl\/noticias\/index.php?rest_route=%2Fwp%2Fv2%2Ftags&post=26902"}],"curies":[{"name":"wp","href":"https:\/\/api.w.org\/{rel}","templated":true}]}}