{"id":2691,"date":"2009-12-22T09:00:28","date_gmt":"2009-12-22T13:00:28","guid":{"rendered":"http:\/\/www.yungayino.cl\/noticias\/?p=2691"},"modified":"2009-12-23T11:43:05","modified_gmt":"2009-12-23T15:43:05","slug":"vecinos-de-poblacion-%e2%80%9cla-concepcion%e2%80%9d-se-unieron-para-decoran-sus-calles-para-navidad","status":"publish","type":"post","link":"https:\/\/www.yungayino.cl\/noticias\/?p=2691","title":{"rendered":"Vecinos de Poblaci\u00f3n \u201cLa Concepci\u00f3n\u201d se Unieron Para Decoran sus Calles para Navidad"},"content":{"rendered":"<p><img decoding=\"async\" src=\"http:\/\/www.yungayino.cl\/imagenes\/navidadlaconcepcion.jpg\" alt=\"Vecinos de Poblaci\u00f3n \u201cLa Concepci\u00f3n\u201d se Unieron Para Decoran sus Calles para Navidad\" \/><\/p>\n<p align=\"justify\"><font size=\"2\">Yungay, un destacable ejemplo y digno de copiar realizaron los vecinos de la Poblaci\u00f3n \u201cLa Concepc\u00ed\u00f3n\u201d quienes se unieron durante la semana con mucha alegr\u00eda y esfuerzos propios para llevar el esp\u00edritu navide\u00f1o a sus calles, los cu\u00e1les fabricaron adornos para decorar sus casas, pintaron \u00e1rboles y veredas, dibujaron las calles con colores y conceptos relacionados con la Navidad, colgaron serpentinas en los postes, cortaron pastizales y finalmente hicieron un hermoso pesebre.<br \/>\n<a href=\"http:\/\/www.yungayino.cl\/noticias\/?p=2691#comments\">Comente Aqu\u00ed<\/a><br \/>\n<a href=\"http:\/\/www.flickr.com\/photos\/45693900@N02\/tags\/poblacionlaconcepcion\/\">Fotograf\u00edas<\/a><\/font><\/p>\n","protected":false},"excerpt":{"rendered":"<p>Yungay, un destacable ejemplo y digno de copiar realizaron los vecinos de la Poblaci\u00f3n \u201cLa Concepc\u00ed\u00f3n\u201d quienes se unieron durante la semana con mucha alegr\u00eda y esfuerzos propios para llevar el esp\u00edritu navide\u00f1o a&#46;&#46;&#46;<\/p>\n","protected":false},"author":2,"featured_media":15194,"comment_status":"open","ping_status":"open","sticky":false,"template":"","format":"standard","meta":{"footnotes":""},"categories":[1],"tags":[1115,135,8,6],"class_list":["post-2691","post","type-post","status-publish","format-standard","has-post-thumbnail","hentry","category-noticias","tag-noticias","tag-poblacion-la-concepcion","tag-yungay","tag-yungayino"],"_links":{"self":[{"href":"https:\/\/www.yungayino.cl\/noticias\/index.php?rest_route=\/wp\/v2\/posts\/2691","targetHints":{"allow":["GET"]}}],"collection":[{"href":"https:\/\/www.yungayino.cl\/noticias\/index.php?rest_route=\/wp\/v2\/posts"}],"about":[{"href":"https:\/\/www.yungayino.cl\/noticias\/index.php?rest_route=\/wp\/v2\/types\/post"}],"author":[{"embeddable":true,"href":"https:\/\/www.yungayino.cl\/noticias\/index.php?rest_route=\/wp\/v2\/users\/2"}],"replies":[{"embeddable":true,"href":"https:\/\/www.yungayino.cl\/noticias\/index.php?rest_route=%2Fwp%2Fv2%2Fcomments&post=2691"}],"version-history":[{"count":6,"href":"https:\/\/www.yungayino.cl\/noticias\/index.php?rest_route=\/wp\/v2\/posts\/2691\/revisions"}],"predecessor-version":[{"id":2700,"href":"https:\/\/www.yungayino.cl\/noticias\/index.php?rest_route=\/wp\/v2\/posts\/2691\/revisions\/2700"}],"wp:featuredmedia":[{"embeddable":true,"href":"https:\/\/www.yungayino.cl\/noticias\/index.php?rest_route=\/wp\/v2\/media\/15194"}],"wp:attachment":[{"href":"https:\/\/www.yungayino.cl\/noticias\/index.php?rest_route=%2Fwp%2Fv2%2Fmedia&parent=2691"}],"wp:term":[{"taxonomy":"category","embeddable":true,"href":"https:\/\/www.yungayino.cl\/noticias\/index.php?rest_route=%2Fwp%2Fv2%2Fcategories&post=2691"},{"taxonomy":"post_tag","embeddable":true,"href":"https:\/\/www.yungayino.cl\/noticias\/index.php?rest_route=%2Fwp%2Fv2%2Ftags&post=2691"}],"curies":[{"name":"wp","href":"https:\/\/api.w.org\/{rel}","templated":true}]}}