{"id":26926,"date":"2022-09-19T20:00:00","date_gmt":"2022-09-20T00:00:00","guid":{"rendered":"http:\/\/www.yungayino.cl\/noticias\/?p=26926"},"modified":"2022-09-19T22:14:47","modified_gmt":"2022-09-20T02:14:47","slug":"tradicional-desfile-de-fiestas-patrias-se-realizo-en-yungay","status":"publish","type":"post","link":"https:\/\/www.yungayino.cl\/noticias\/?p=26926","title":{"rendered":"Tradicional Desfile de Fiestas Patrias se Realiz\u00f3 en Yungay"},"content":{"rendered":"<p><img loading=\"lazy\" decoding=\"async\" class=\"alignnone wp-image-26928 size-full\" src=\"http:\/\/www.yungayino.cl\/noticias\/wp-content\/uploads\/2022\/09\/PORTADA-2-1.jpg\" alt=\"\" width=\"700\" height=\"350\" srcset=\"https:\/\/www.yungayino.cl\/noticias\/wp-content\/uploads\/2022\/09\/PORTADA-2-1.jpg 700w, https:\/\/www.yungayino.cl\/noticias\/wp-content\/uploads\/2022\/09\/PORTADA-2-1-300x150.jpg 300w\" sizes=\"auto, (max-width: 700px) 100vw, 700px\" \/><\/p>\n<p style=\"text-align: justify;\">Yungay, septiembre 2022: Despu\u00e9s de dos a\u00f1os de ausencia por la Pandemia de Covid-19 se desarroll\u00f3 nuevamente en Yungay el Tradicional Desfile de Fiestas Patrias, el cual se llev\u00f3 a cabo en el frontis de la municipalidad en el que integrantes de distintas instituciones festejaron la celebraci\u00f3n de la Primera Junta Nacional de Gobierno.<\/p>\n<p style=\"text-align: justify;\">Con alegr\u00eda, compromiso y participaci\u00f3n de autoridades, instituciones, Unidades Educativas, Agrupaciones Sociales y Comunidad se desarroll\u00f3 este domingo 18 de septiembre de 2022 el Te Deum ecum\u00e9nico en la Parroquia San Miguel, para luego los asistentes trasladarse a participar del Acto C\u00edvico y Desfile.<\/p>\n<p style=\"text-align: justify;\">La ceremonia del acto y desfile de Fiestas Patrias cont\u00f3 con la asistencia del alcalde, Rafael Cifuentes Rodr\u00edguez, Concejales, el Diputado de la Rep\u00fablica Sr. Felipe Cama\u00f1o, Seremi de Medio Ambiente de \u00d1uble Sr. Mario Rivas, Autoridades Locales y P\u00fablico en general, quienes interpretaron nuestro Himno Nacional para dar inicio, mientras el Pabell\u00f3n Patrio era izado en su m\u00e1stil de honor por funcionarios del Departamento de Educaci\u00f3n.<\/p>\n<p style=\"text-align: justify;\">Previo al desfile, se realiz\u00f3 el tradicional pie de cueca con la participaci\u00f3n de nuestros campeones que nos representar\u00e1n en el regional, adem\u00e1s de presentaciones de n\u00fameros art\u00edsticos de alumnos de nuestra comuna, para luego continuar con el infaltable brindis de chicha en cacho que fue llevado hasta donde se ubicaban las autoridades.<\/p>\n<p style=\"text-align: justify;\">Destacar que en la ocasi\u00f3n el Municipio tambi\u00e9n realiz\u00f3 la entrega de reconocimientos a personas que de una u otra manera se han destacado en diferentes actividades a lo largo de estos a\u00f1os en nuestra comuna.<\/p>\n<p style=\"text-align: justify;\">El desfile se inici\u00f3 con los sones de nuestra tradicional y destacada Banda de Guerra de Yungay que en esta ocasi\u00f3n cont\u00f3 con la participaci\u00f3n de integrantes de distintas generaciones, las cuales se prepararon con mucha responsabilidad para esta gran ocasi\u00f3n.<\/p>\n<p style=\"text-align: justify;\">El cierre de la actividad estuvo marcado por el tradicional vino de honor realizado en el Gimnasio Multiuso.<\/p>\n<p>&nbsp;<\/p>\n<p style=\"text-align: justify;\">[su_button url=\u00bbhttps:\/\/web.facebook.com\/media\/set\/?set=a.6044918442189811&amp;type=3&#8243; target=\u00bbblank\u00bb size=\u00bb7&#8243; radius=\u00bbround\u00bb icon=\u00bbicon: facebook-square\u00bb]FOTOGRAF\u00cdAS &#8211; Tradicional Desfile de Fiestas Patrias se Realiz\u00f3 en Yungay[\/su_button]<\/p>\n","protected":false},"excerpt":{"rendered":"<p>Yungay, septiembre 2022: Despu\u00e9s de dos a\u00f1os de ausencia por la Pandemia de Covid-19 se desarroll\u00f3 nuevamente en Yungay el Tradicional Desfile de Fiestas Patrias, el cual se llev\u00f3 a cabo en el frontis&#46;&#46;&#46;<\/p>\n","protected":false},"author":2,"featured_media":26928,"comment_status":"closed","ping_status":"open","sticky":false,"template":"","format":"standard","meta":{"footnotes":""},"categories":[3,1],"tags":[454,528,1115,8,6,117],"class_list":["post-26926","post","type-post","status-publish","format-standard","has-post-thumbnail","hentry","category-actualidad","category-noticias","tag-desfile","tag-fiestas-patrias","tag-noticias","tag-yungay","tag-yungayino","tag-yungayinocl"],"_links":{"self":[{"href":"https:\/\/www.yungayino.cl\/noticias\/index.php?rest_route=\/wp\/v2\/posts\/26926","targetHints":{"allow":["GET"]}}],"collection":[{"href":"https:\/\/www.yungayino.cl\/noticias\/index.php?rest_route=\/wp\/v2\/posts"}],"about":[{"href":"https:\/\/www.yungayino.cl\/noticias\/index.php?rest_route=\/wp\/v2\/types\/post"}],"author":[{"embeddable":true,"href":"https:\/\/www.yungayino.cl\/noticias\/index.php?rest_route=\/wp\/v2\/users\/2"}],"replies":[{"embeddable":true,"href":"https:\/\/www.yungayino.cl\/noticias\/index.php?rest_route=%2Fwp%2Fv2%2Fcomments&post=26926"}],"version-history":[{"count":3,"href":"https:\/\/www.yungayino.cl\/noticias\/index.php?rest_route=\/wp\/v2\/posts\/26926\/revisions"}],"predecessor-version":[{"id":26932,"href":"https:\/\/www.yungayino.cl\/noticias\/index.php?rest_route=\/wp\/v2\/posts\/26926\/revisions\/26932"}],"wp:featuredmedia":[{"embeddable":true,"href":"https:\/\/www.yungayino.cl\/noticias\/index.php?rest_route=\/wp\/v2\/media\/26928"}],"wp:attachment":[{"href":"https:\/\/www.yungayino.cl\/noticias\/index.php?rest_route=%2Fwp%2Fv2%2Fmedia&parent=26926"}],"wp:term":[{"taxonomy":"category","embeddable":true,"href":"https:\/\/www.yungayino.cl\/noticias\/index.php?rest_route=%2Fwp%2Fv2%2Fcategories&post=26926"},{"taxonomy":"post_tag","embeddable":true,"href":"https:\/\/www.yungayino.cl\/noticias\/index.php?rest_route=%2Fwp%2Fv2%2Ftags&post=26926"}],"curies":[{"name":"wp","href":"https:\/\/api.w.org\/{rel}","templated":true}]}}