{"id":26937,"date":"2022-09-21T09:00:04","date_gmt":"2022-09-21T13:00:04","guid":{"rendered":"http:\/\/www.yungayino.cl\/noticias\/?p=26937"},"modified":"2022-09-21T14:15:09","modified_gmt":"2022-09-21T18:15:09","slug":"vecina-elvia-ramirez-herrera-cumplio-104-anos","status":"publish","type":"post","link":"https:\/\/www.yungayino.cl\/noticias\/?p=26937","title":{"rendered":"Vecina Elvia Ram\u00edrez Herrera Cumpli\u00f3 104 A\u00f1os"},"content":{"rendered":"<p><img loading=\"lazy\" decoding=\"async\" class=\"alignnone wp-image-26940 size-full\" src=\"http:\/\/www.yungayino.cl\/noticias\/wp-content\/uploads\/2022\/09\/foto-2.jpg\" alt=\"\" width=\"700\" height=\"467\" srcset=\"https:\/\/www.yungayino.cl\/noticias\/wp-content\/uploads\/2022\/09\/foto-2.jpg 700w, https:\/\/www.yungayino.cl\/noticias\/wp-content\/uploads\/2022\/09\/foto-2-300x200.jpg 300w, https:\/\/www.yungayino.cl\/noticias\/wp-content\/uploads\/2022\/09\/foto-2-225x150.jpg 225w\" sizes=\"auto, (max-width: 700px) 100vw, 700px\" \/><\/p>\n<p>&nbsp;<\/p>\n<p style=\"text-align: justify;\">Yungay, septiembre 2022: Hasta el hogar de la vecina Elvia Rosa Ram\u00edrez Herrera, de El Roble, lleg\u00f3 el alcalde Rafael Cifuentes Rodr\u00edguez, junto a la Jefa Dideco Sra. Pamela Jelves y la encargada de la oficina de Adultos Mayores Srta. Susana Toro.<\/p>\n<p style=\"text-align: justify;\">En la instancia compartieron una alegre conversaci\u00f3n y le hicieron entrega de una placa de felicitaciones y reconocimiento con motivo de sus 104 a\u00f1os de vida.<\/p>\n<p>&nbsp;<\/p>\n<p><img loading=\"lazy\" decoding=\"async\" class=\"alignnone wp-image-26938 size-full\" src=\"http:\/\/www.yungayino.cl\/noticias\/wp-content\/uploads\/2022\/09\/foto-1.jpg\" alt=\"\" width=\"700\" height=\"467\" srcset=\"https:\/\/www.yungayino.cl\/noticias\/wp-content\/uploads\/2022\/09\/foto-1.jpg 700w, https:\/\/www.yungayino.cl\/noticias\/wp-content\/uploads\/2022\/09\/foto-1-300x200.jpg 300w, https:\/\/www.yungayino.cl\/noticias\/wp-content\/uploads\/2022\/09\/foto-1-225x150.jpg 225w\" sizes=\"auto, (max-width: 700px) 100vw, 700px\" \/><\/p>\n","protected":false},"excerpt":{"rendered":"<p>&nbsp; Yungay, septiembre 2022: Hasta el hogar de la vecina Elvia Rosa Ram\u00edrez Herrera, de El Roble, lleg\u00f3 el alcalde Rafael Cifuentes Rodr\u00edguez, junto a la Jefa Dideco Sra. Pamela Jelves y la encargada&#46;&#46;&#46;<\/p>\n","protected":false},"author":2,"featured_media":26939,"comment_status":"closed","ping_status":"open","sticky":false,"template":"","format":"standard","meta":{"footnotes":""},"categories":[1],"tags":[928,1115,8,6,117],"class_list":["post-26937","post","type-post","status-publish","format-standard","has-post-thumbnail","hentry","category-noticias","tag-104-anos","tag-noticias","tag-yungay","tag-yungayino","tag-yungayinocl"],"_links":{"self":[{"href":"https:\/\/www.yungayino.cl\/noticias\/index.php?rest_route=\/wp\/v2\/posts\/26937","targetHints":{"allow":["GET"]}}],"collection":[{"href":"https:\/\/www.yungayino.cl\/noticias\/index.php?rest_route=\/wp\/v2\/posts"}],"about":[{"href":"https:\/\/www.yungayino.cl\/noticias\/index.php?rest_route=\/wp\/v2\/types\/post"}],"author":[{"embeddable":true,"href":"https:\/\/www.yungayino.cl\/noticias\/index.php?rest_route=\/wp\/v2\/users\/2"}],"replies":[{"embeddable":true,"href":"https:\/\/www.yungayino.cl\/noticias\/index.php?rest_route=%2Fwp%2Fv2%2Fcomments&post=26937"}],"version-history":[{"count":1,"href":"https:\/\/www.yungayino.cl\/noticias\/index.php?rest_route=\/wp\/v2\/posts\/26937\/revisions"}],"predecessor-version":[{"id":26941,"href":"https:\/\/www.yungayino.cl\/noticias\/index.php?rest_route=\/wp\/v2\/posts\/26937\/revisions\/26941"}],"wp:featuredmedia":[{"embeddable":true,"href":"https:\/\/www.yungayino.cl\/noticias\/index.php?rest_route=\/wp\/v2\/media\/26939"}],"wp:attachment":[{"href":"https:\/\/www.yungayino.cl\/noticias\/index.php?rest_route=%2Fwp%2Fv2%2Fmedia&parent=26937"}],"wp:term":[{"taxonomy":"category","embeddable":true,"href":"https:\/\/www.yungayino.cl\/noticias\/index.php?rest_route=%2Fwp%2Fv2%2Fcategories&post=26937"},{"taxonomy":"post_tag","embeddable":true,"href":"https:\/\/www.yungayino.cl\/noticias\/index.php?rest_route=%2Fwp%2Fv2%2Ftags&post=26937"}],"curies":[{"name":"wp","href":"https:\/\/api.w.org\/{rel}","templated":true}]}}