{"id":26942,"date":"2022-09-22T10:00:28","date_gmt":"2022-09-22T14:00:28","guid":{"rendered":"http:\/\/www.yungayino.cl\/noticias\/?p=26942"},"modified":"2022-09-22T11:35:12","modified_gmt":"2022-09-22T15:35:12","slug":"camara-de-comercio-de-yungay-realizo-concurso-adorna-tu-vitrina-dieciochera","status":"publish","type":"post","link":"https:\/\/www.yungayino.cl\/noticias\/?p=26942","title":{"rendered":"C\u00e1mara de Comercio de Yungay Realiz\u00f3 Concurso \u201cAdorna Tu Vitrina Dieciochera\u201d"},"content":{"rendered":"<p><img loading=\"lazy\" decoding=\"async\" class=\"alignnone wp-image-26943 size-full\" src=\"http:\/\/www.yungayino.cl\/noticias\/wp-content\/uploads\/2022\/09\/portada-8.jpg\" alt=\"\" width=\"700\" height=\"350\" srcset=\"https:\/\/www.yungayino.cl\/noticias\/wp-content\/uploads\/2022\/09\/portada-8.jpg 700w, https:\/\/www.yungayino.cl\/noticias\/wp-content\/uploads\/2022\/09\/portada-8-300x150.jpg 300w\" sizes=\"auto, (max-width: 700px) 100vw, 700px\" \/><\/p>\n<p style=\"text-align: justify;\">Yungay, septiembre 2022: La c\u00e1mara de comercio de Yungay celebr\u00f3 por segundo a\u00f1o el concurso \u00abAdorna tu vitrina dieciochera\u00bb, en el cual participaron entusiastamente m\u00e1s de 15 comerciantes locales, tres de ellos fueron seleccionados y premiados por el jurado compuesto por la presidenta de la c\u00e1mara de comercio local Srta. Pamela Cha\u00edn, el director de la escuela Fernando Baquedano Sr. Zoilo Irarr\u00e1zabal y el concejal Sr. Gonzalo Rojas.<\/p>\n<p style=\"text-align: justify;\">El ganador del concurso fue \u00abLa Casona\u00bb, quien celebra por segunda vez la victoria. En el segundo lugar qued\u00f3 Comercializadora MYM y el tercer lugar fue para Restaurant El Corralero.<\/p>\n<p style=\"text-align: justify;\">Tambi\u00e9n con mucho cari\u00f1o entregaron una menci\u00f3n honrosa a las asociadas que brindaron su apoyo; Bazar y Paqueter\u00eda Palomita.<\/p>\n<p>&nbsp;<\/p>\n<p style=\"text-align: justify;\">[su_button url=\u00bbhttps:\/\/web.facebook.com\/media\/set\/?vanity=yungayino.cl&amp;set=a.6052211924793796&#8243; target=\u00bbblank\u00bb size=\u00bb7&#8243; radius=\u00bbround\u00bb icon=\u00bbicon: facebook-square\u00bb]FOTOGRAF\u00cdAS &#8211; C\u00e1mara de Comercio de Yungay Realiz\u00f3 Concurso \u201cAdorna Tu Vitrina Dieciochera\u201d[\/su_button]<\/p>\n","protected":false},"excerpt":{"rendered":"<p>Yungay, septiembre 2022: La c\u00e1mara de comercio de Yungay celebr\u00f3 por segundo a\u00f1o el concurso \u00abAdorna tu vitrina dieciochera\u00bb, en el cual participaron entusiastamente m\u00e1s de 15 comerciantes locales, tres de ellos fueron seleccionados&#46;&#46;&#46;<\/p>\n","protected":false},"author":2,"featured_media":26943,"comment_status":"closed","ping_status":"open","sticky":false,"template":"","format":"standard","meta":{"footnotes":""},"categories":[1],"tags":[2657,1083,1115,8,6,117],"class_list":["post-26942","post","type-post","status-publish","format-standard","has-post-thumbnail","hentry","category-noticias","tag-adorno-tu-vitrina","tag-camara-de-comercio","tag-noticias","tag-yungay","tag-yungayino","tag-yungayinocl"],"_links":{"self":[{"href":"https:\/\/www.yungayino.cl\/noticias\/index.php?rest_route=\/wp\/v2\/posts\/26942","targetHints":{"allow":["GET"]}}],"collection":[{"href":"https:\/\/www.yungayino.cl\/noticias\/index.php?rest_route=\/wp\/v2\/posts"}],"about":[{"href":"https:\/\/www.yungayino.cl\/noticias\/index.php?rest_route=\/wp\/v2\/types\/post"}],"author":[{"embeddable":true,"href":"https:\/\/www.yungayino.cl\/noticias\/index.php?rest_route=\/wp\/v2\/users\/2"}],"replies":[{"embeddable":true,"href":"https:\/\/www.yungayino.cl\/noticias\/index.php?rest_route=%2Fwp%2Fv2%2Fcomments&post=26942"}],"version-history":[{"count":3,"href":"https:\/\/www.yungayino.cl\/noticias\/index.php?rest_route=\/wp\/v2\/posts\/26942\/revisions"}],"predecessor-version":[{"id":26946,"href":"https:\/\/www.yungayino.cl\/noticias\/index.php?rest_route=\/wp\/v2\/posts\/26942\/revisions\/26946"}],"wp:featuredmedia":[{"embeddable":true,"href":"https:\/\/www.yungayino.cl\/noticias\/index.php?rest_route=\/wp\/v2\/media\/26943"}],"wp:attachment":[{"href":"https:\/\/www.yungayino.cl\/noticias\/index.php?rest_route=%2Fwp%2Fv2%2Fmedia&parent=26942"}],"wp:term":[{"taxonomy":"category","embeddable":true,"href":"https:\/\/www.yungayino.cl\/noticias\/index.php?rest_route=%2Fwp%2Fv2%2Fcategories&post=26942"},{"taxonomy":"post_tag","embeddable":true,"href":"https:\/\/www.yungayino.cl\/noticias\/index.php?rest_route=%2Fwp%2Fv2%2Ftags&post=26942"}],"curies":[{"name":"wp","href":"https:\/\/api.w.org\/{rel}","templated":true}]}}