{"id":26961,"date":"2022-09-29T08:00:15","date_gmt":"2022-09-29T12:00:15","guid":{"rendered":"http:\/\/www.yungayino.cl\/noticias\/?p=26961"},"modified":"2022-09-29T19:40:45","modified_gmt":"2022-09-29T23:40:45","slug":"alcalde-firma-convenio-con-gobierno-regional-por-110-254-000-destinados-a-diferentes-iniciativas-en-la-comuna","status":"publish","type":"post","link":"https:\/\/www.yungayino.cl\/noticias\/?p=26961","title":{"rendered":"Alcalde Firma Convenio con Gobierno Regional por $110.254.000 Destinados a Diferentes Iniciativas en la Comuna"},"content":{"rendered":"<p><img loading=\"lazy\" decoding=\"async\" class=\"alignnone wp-image-26962 size-full\" src=\"http:\/\/www.yungayino.cl\/noticias\/wp-content\/uploads\/2022\/09\/convenio.jpg\" alt=\"\" width=\"700\" height=\"350\" srcset=\"https:\/\/www.yungayino.cl\/noticias\/wp-content\/uploads\/2022\/09\/convenio.jpg 700w, https:\/\/www.yungayino.cl\/noticias\/wp-content\/uploads\/2022\/09\/convenio-300x150.jpg 300w\" sizes=\"auto, (max-width: 700px) 100vw, 700px\" \/><\/p>\n<p style=\"text-align: justify;\">Septiembre 2022: El alcalde Rafael Cifuentes Rodr\u00edguez, se traslad\u00f3 hasta el Gobierno Regional de \u00d1uble para realizar la firma de dos convenios para iniciativas de desarrollo local en nuestra comuna, la CONSTRUCCI\u00d3N DEL CIERRE PERIMETRAL Y HABILITACI\u00d3N DEL TERRENO DESTINADO A BOMBEROS DE YUNGAY, y la elaboraci\u00f3n del anhelado PLAN DE DESARROLLO TUR\u00cdSTICO.<\/p>\n<p style=\"text-align: justify;\">La firma de los convenios permite iniciar prontamente la licitaci\u00f3n p\u00fablica que determinar\u00e1 las empresas que se har\u00e1n cargo de la ejecuci\u00f3n de cada proyecto y que, en el caso del PLADETUR, contempla la inversi\u00f3n de $36.519.000 y, en el caso de la construcci\u00f3n del cierre perimetral, un monto de $73.735.000 financiados por el FNDR, v\u00eda Fondo Regional de Iniciativa Local.<\/p>\n<p style=\"text-align: justify;\">Actualmente, la demanda por iniciativas en el marco del desarrollo tur\u00edstico de la comuna es muy alta, el PRIMER PLADETUR de Yungay permitir\u00e1 planificar las futuras inversiones en infraestructura y desarrollo, con el objetivo de convertir a la comuna en un destino m\u00e1s amigable para el turista.<\/p>\n<p style=\"text-align: justify;\">Por otra parte, la construcci\u00f3n del cierre perimetral y habilitaci\u00f3n del terreno destinado a bomberos atiende a las necesidades de apoyar y mejorar las condiciones en que nuestros voluntarios trabajan.<\/p>\n<p style=\"text-align: justify;\">\u201cNos sentimos afortunados por contar con esta inyecci\u00f3n de recursos que permitir\u00e1n a nuestra comuna desarrollarse y cumplir nuestros objetivos, ambos son necesidades muy sentidas por nuestra comunidad y hoy estamos avanzando\u201d manifest\u00f3 el alcalde de Yungay, Rafael Cifuentes Rodr\u00edguez.<\/p>\n","protected":false},"excerpt":{"rendered":"<p>Septiembre 2022: El alcalde Rafael Cifuentes Rodr\u00edguez, se traslad\u00f3 hasta el Gobierno Regional de \u00d1uble para realizar la firma de dos convenios para iniciativas de desarrollo local en nuestra comuna, la CONSTRUCCI\u00d3N DEL CIERRE&#46;&#46;&#46;<\/p>\n","protected":false},"author":2,"featured_media":26962,"comment_status":"closed","ping_status":"open","sticky":false,"template":"","format":"standard","meta":{"footnotes":""},"categories":[1],"tags":[37,1115,1356,8,6,117],"class_list":["post-26961","post","type-post","status-publish","format-standard","has-post-thumbnail","hentry","category-noticias","tag-bomberos","tag-noticias","tag-pladetur","tag-yungay","tag-yungayino","tag-yungayinocl"],"_links":{"self":[{"href":"https:\/\/www.yungayino.cl\/noticias\/index.php?rest_route=\/wp\/v2\/posts\/26961","targetHints":{"allow":["GET"]}}],"collection":[{"href":"https:\/\/www.yungayino.cl\/noticias\/index.php?rest_route=\/wp\/v2\/posts"}],"about":[{"href":"https:\/\/www.yungayino.cl\/noticias\/index.php?rest_route=\/wp\/v2\/types\/post"}],"author":[{"embeddable":true,"href":"https:\/\/www.yungayino.cl\/noticias\/index.php?rest_route=\/wp\/v2\/users\/2"}],"replies":[{"embeddable":true,"href":"https:\/\/www.yungayino.cl\/noticias\/index.php?rest_route=%2Fwp%2Fv2%2Fcomments&post=26961"}],"version-history":[{"count":1,"href":"https:\/\/www.yungayino.cl\/noticias\/index.php?rest_route=\/wp\/v2\/posts\/26961\/revisions"}],"predecessor-version":[{"id":26963,"href":"https:\/\/www.yungayino.cl\/noticias\/index.php?rest_route=\/wp\/v2\/posts\/26961\/revisions\/26963"}],"wp:featuredmedia":[{"embeddable":true,"href":"https:\/\/www.yungayino.cl\/noticias\/index.php?rest_route=\/wp\/v2\/media\/26962"}],"wp:attachment":[{"href":"https:\/\/www.yungayino.cl\/noticias\/index.php?rest_route=%2Fwp%2Fv2%2Fmedia&parent=26961"}],"wp:term":[{"taxonomy":"category","embeddable":true,"href":"https:\/\/www.yungayino.cl\/noticias\/index.php?rest_route=%2Fwp%2Fv2%2Fcategories&post=26961"},{"taxonomy":"post_tag","embeddable":true,"href":"https:\/\/www.yungayino.cl\/noticias\/index.php?rest_route=%2Fwp%2Fv2%2Ftags&post=26961"}],"curies":[{"name":"wp","href":"https:\/\/api.w.org\/{rel}","templated":true}]}}