{"id":26968,"date":"2022-10-01T07:00:51","date_gmt":"2022-10-01T11:00:51","guid":{"rendered":"http:\/\/www.yungayino.cl\/noticias\/?p=26968"},"modified":"2022-10-03T13:57:11","modified_gmt":"2022-10-03T17:57:11","slug":"encuentro-de-arroceros-aborda-desafios-en-materia-de-sustentabilidad-en-la-produccion-de-arroz-en-nuble","status":"publish","type":"post","link":"https:\/\/www.yungayino.cl\/noticias\/?p=26968","title":{"rendered":"Encuentro de Arroceros Aborda Desaf\u00edos en Materia de Sustentabilidad en la Producci\u00f3n de Arroz en \u00d1uble"},"content":{"rendered":"<p><img loading=\"lazy\" decoding=\"async\" class=\"alignnone wp-image-26969 size-full\" src=\"http:\/\/www.yungayino.cl\/noticias\/wp-content\/uploads\/2022\/09\/arroz-nuble.jpg\" alt=\"\" width=\"700\" height=\"312\" srcset=\"https:\/\/www.yungayino.cl\/noticias\/wp-content\/uploads\/2022\/09\/arroz-nuble.jpg 700w, https:\/\/www.yungayino.cl\/noticias\/wp-content\/uploads\/2022\/09\/arroz-nuble-300x134.jpg 300w, https:\/\/www.yungayino.cl\/noticias\/wp-content\/uploads\/2022\/09\/arroz-nuble-337x150.jpg 337w\" sizes=\"auto, (max-width: 700px) 100vw, 700px\" \/><\/p>\n<p style=\"text-align: justify;\">\u00d1uble, septiembre 2022: La actividad se realiz\u00f3 en el marco de un programa financiado por Corfo y ejecutado por Codesser en la regi\u00f3n.<\/p>\n<p style=\"text-align: justify;\">M\u00e1s de 80 empresarios y agricultores que trabajan en torno a la cadena de producci\u00f3n del arroz en la Regi\u00f3n de \u00d1uble se reunieron el pasado 7 de septiembre en el Centro Cultural de la comuna de San Carlos, para conocer la situaci\u00f3n actual y proyecci\u00f3n comercial de este producto y de qu\u00e9 manera se puede abordar su desarrollo con un enfoque sustentable. La actividad se realiz\u00f3 en el contexto de la ejecuci\u00f3n del Programa Territorial Integrado de Arroz, iniciativa apoyada por Corfo, que busca mejorar la productividad y sostenibilidad del cultivo por medio de la incorporaci\u00f3n de conocimiento y tecnolog\u00eda.<\/p>\n<p style=\"text-align: justify;\">\u201cEsta \u00e1rea productiva es estrat\u00e9gica para nuestra regi\u00f3n no solo por su aporte a la producci\u00f3n de alimentos, sino que tambi\u00e9n por ser una fuente de trabajo importante, especialmente para la agricultura familiar campesina. A trav\u00e9s del PTI de Arroz, abordaremos los desaf\u00edos relacionados a su producci\u00f3n y comercializaci\u00f3n, como la sustentabilidad y sostenibilidad ambiental y econ\u00f3mica, y esperamos facilitar herramientas que permitan mejorar la competitividad de este sector y aumentar su posibilidad de continuidad\u201d, expres\u00f3 Macarena D\u00e1vila, directora Regional de Corfo en \u00d1uble.<\/p>\n<p style=\"text-align: justify;\">El seremi de Agricultura de la Regi\u00f3n de \u00d1uble, C\u00e9sar Rodr\u00edguez, se refiri\u00f3 a la instancia como un encuentro territorial que permiti\u00f3 estar a la vanguardia del conocimiento y la innovaci\u00f3n. \u201cIniciativas como estas nos permiten estar conectados y contactados en un sistema de red que nos acerca al conocimiento y nos abre a nuevas formas de extensi\u00f3n para potenciar al sector, lo que es muy necesario, debido a lo expectante que est\u00e1 el rubro, tanto porque durante las \u00faltimas d\u00e9cadas ha requerido adaptarse a los efectos del cambio clim\u00e1tico, como tambi\u00e9n frente a la competencia de los distintos tipos de arroz y la importaci\u00f3n de este producto a nuestro pa\u00eds\u201d, agreg\u00f3.<\/p>\n<p style=\"text-align: justify;\">La regi\u00f3n de \u00d1uble es el territorio m\u00e1s austral del mundo donde se cultiva arroz. Desde el R\u00edo Perquilauqu\u00e9n hasta la comuna de San Nicol\u00e1s, pasando por \u00d1iqu\u00e9n y San Carlos, cuenta con\u00a0 cerca de 4 mil hect\u00e1reas, que contribuyen al 20% de la producci\u00f3n nacional.<\/p>\n<p style=\"text-align: justify;\">\u201cEl hecho de que nuestro arroz sea el m\u00e1s austral del mundo si bien presenta algunas desventajas como el riesgo de sufrir el efecto de las bajas temperaturas, tambi\u00e9n le confiere algunas caracter\u00edsticas ventajosas como lo son el desarrollarse libre de plagas y enfermedades. Contar con las herramientas que nos permita desarrollar esta actividad productiva de manera eficiente ser\u00e1 clave para la sostenibilidad el rubro, por lo que esperamos que actividades como esta y otras programadas en el marco del PTI, sean un gran aporte para este sector y la provincia de Punilla\u201d, se\u00f1al\u00f3 Aim\u00e9 Mariangel, gerenta del programa, quien adem\u00e1s agreg\u00f3 que la incorporaci\u00f3n de nuevas tecnolog\u00edas en la regi\u00f3n ha sido muy lenta y que el sistema tradicional de cultivo no utiliza con la eficiencia esperada los recursos, por lo que es clave contar con mayor capacitaci\u00f3n y tecnolog\u00eda.<\/p>\n<p style=\"text-align: justify;\">El primer Encuentro del PTI de Arroz: Desaf\u00edos en Sustentabilidad para el Arroz en \u00d1uble cont\u00f3 con la exposici\u00f3n de Felipe Valderrama, gerente Agr\u00edcola de Empresas Tucapel S.A, quien se refiri\u00f3 al mercado y sostenibilidad del cultivo del arroz en Chile; de Aim\u00e9 Mariangel, gerenta del PTI, quien detall\u00f3 los alcances del Programa Territorial Integrado del Arroz; y de Augusto Gussoni, del Fondo Latinoamericano para Arroz de Riego, quien desarroll\u00f3 el tema Cultivo para el desarrollo sustentable del arroz en Chile.<\/p>\n","protected":false},"excerpt":{"rendered":"<p>\u00d1uble, septiembre 2022: La actividad se realiz\u00f3 en el marco de un programa financiado por Corfo y ejecutado por Codesser en la regi\u00f3n. M\u00e1s de 80 empresarios y agricultores que trabajan en torno a&#46;&#46;&#46;<\/p>\n","protected":false},"author":2,"featured_media":26969,"comment_status":"closed","ping_status":"open","sticky":false,"template":"","format":"standard","meta":{"footnotes":""},"categories":[1],"tags":[2659,1115,1678,6,117],"class_list":["post-26968","post","type-post","status-publish","format-standard","has-post-thumbnail","hentry","category-noticias","tag-arroz","tag-noticias","tag-nuble","tag-yungayino","tag-yungayinocl"],"_links":{"self":[{"href":"https:\/\/www.yungayino.cl\/noticias\/index.php?rest_route=\/wp\/v2\/posts\/26968","targetHints":{"allow":["GET"]}}],"collection":[{"href":"https:\/\/www.yungayino.cl\/noticias\/index.php?rest_route=\/wp\/v2\/posts"}],"about":[{"href":"https:\/\/www.yungayino.cl\/noticias\/index.php?rest_route=\/wp\/v2\/types\/post"}],"author":[{"embeddable":true,"href":"https:\/\/www.yungayino.cl\/noticias\/index.php?rest_route=\/wp\/v2\/users\/2"}],"replies":[{"embeddable":true,"href":"https:\/\/www.yungayino.cl\/noticias\/index.php?rest_route=%2Fwp%2Fv2%2Fcomments&post=26968"}],"version-history":[{"count":1,"href":"https:\/\/www.yungayino.cl\/noticias\/index.php?rest_route=\/wp\/v2\/posts\/26968\/revisions"}],"predecessor-version":[{"id":26970,"href":"https:\/\/www.yungayino.cl\/noticias\/index.php?rest_route=\/wp\/v2\/posts\/26968\/revisions\/26970"}],"wp:featuredmedia":[{"embeddable":true,"href":"https:\/\/www.yungayino.cl\/noticias\/index.php?rest_route=\/wp\/v2\/media\/26969"}],"wp:attachment":[{"href":"https:\/\/www.yungayino.cl\/noticias\/index.php?rest_route=%2Fwp%2Fv2%2Fmedia&parent=26968"}],"wp:term":[{"taxonomy":"category","embeddable":true,"href":"https:\/\/www.yungayino.cl\/noticias\/index.php?rest_route=%2Fwp%2Fv2%2Fcategories&post=26968"},{"taxonomy":"post_tag","embeddable":true,"href":"https:\/\/www.yungayino.cl\/noticias\/index.php?rest_route=%2Fwp%2Fv2%2Ftags&post=26968"}],"curies":[{"name":"wp","href":"https:\/\/api.w.org\/{rel}","templated":true}]}}