{"id":2697,"date":"2009-12-23T10:00:55","date_gmt":"2009-12-23T14:00:55","guid":{"rendered":"http:\/\/www.yungayino.cl\/noticias\/?p=2697"},"modified":"2009-12-23T11:23:56","modified_gmt":"2009-12-23T15:23:56","slug":"se-pospone-visita-de-pablo-mackenna-a-yungay","status":"publish","type":"post","link":"https:\/\/www.yungayino.cl\/noticias\/?p=2697","title":{"rendered":"Se Pospone Visita de Pablo Mackenna a Yungay"},"content":{"rendered":"<p><img decoding=\"async\" src=\"http:\/\/www.yungayino.cl\/imagenes\/20091222.jpg\" alt=\"Se Pospone Visita de Pablo Mackenna a Yungay\" \/><\/p>\n<p align=\"justify\"><font size=\"2\">Para el d\u00eda de hoy estaba prevista la visita del escritor y conductor de televisi\u00f3n Pablo Mackenna a la comuna de Yungay, invitado por el programa de radio \u201cLibro Parlante\u201d, que hace un buen tiempo esta desarrollando instancias literarias para la comuna. Sin embargo Mackenna sufri\u00f3 una afecci\u00f3n respiratoria que lo mantiene desde el d\u00eda lunes internado en la cl\u00ednica, lo que le impidi\u00f3 viajar. Los organizadores lamentan lo sucedido con la salud del escritor, ya que las expectativas de los yungayinos era alta por ver al autor de \u201canatom\u00eda del amor perfecto\u201d. Dos actividades estaban programadas, a las 20:30 se presentar\u00eda en el ode\u00f3n de la plaza de Yungay y a las 23:30 horas se desarrollar\u00eda una tertulia en el bar, \u201cnuestro bar\u201d. El equipo de \u201cLibro Parlante\u201d dice que la actividad de todas maneras se llevar\u00e1 a cabo y pr\u00f3ximamente dar\u00e1n a conocer la fecha, a la vez recordaron que el evento esta siendo apoyado  por importantes empresas de Yungay, como Agro Yungay, supermercados Bigger, Terpel y el Centro Cultural Baquedano.<\/font><\/p>\n","protected":false},"excerpt":{"rendered":"<p>Para el d\u00eda de hoy estaba prevista la visita del escritor y conductor de televisi\u00f3n Pablo Mackenna a la comuna de Yungay, invitado por el programa de radio \u201cLibro Parlante\u201d, que hace un buen&#46;&#46;&#46;<\/p>\n","protected":false},"author":2,"featured_media":15195,"comment_status":"open","ping_status":"open","sticky":false,"template":"","format":"standard","meta":{"footnotes":""},"categories":[1],"tags":[113,1115,8,6],"class_list":["post-2697","post","type-post","status-publish","format-standard","has-post-thumbnail","hentry","category-noticias","tag-libro-parlante","tag-noticias","tag-yungay","tag-yungayino"],"_links":{"self":[{"href":"https:\/\/www.yungayino.cl\/noticias\/index.php?rest_route=\/wp\/v2\/posts\/2697","targetHints":{"allow":["GET"]}}],"collection":[{"href":"https:\/\/www.yungayino.cl\/noticias\/index.php?rest_route=\/wp\/v2\/posts"}],"about":[{"href":"https:\/\/www.yungayino.cl\/noticias\/index.php?rest_route=\/wp\/v2\/types\/post"}],"author":[{"embeddable":true,"href":"https:\/\/www.yungayino.cl\/noticias\/index.php?rest_route=\/wp\/v2\/users\/2"}],"replies":[{"embeddable":true,"href":"https:\/\/www.yungayino.cl\/noticias\/index.php?rest_route=%2Fwp%2Fv2%2Fcomments&post=2697"}],"version-history":[{"count":2,"href":"https:\/\/www.yungayino.cl\/noticias\/index.php?rest_route=\/wp\/v2\/posts\/2697\/revisions"}],"predecessor-version":[{"id":2699,"href":"https:\/\/www.yungayino.cl\/noticias\/index.php?rest_route=\/wp\/v2\/posts\/2697\/revisions\/2699"}],"wp:featuredmedia":[{"embeddable":true,"href":"https:\/\/www.yungayino.cl\/noticias\/index.php?rest_route=\/wp\/v2\/media\/15195"}],"wp:attachment":[{"href":"https:\/\/www.yungayino.cl\/noticias\/index.php?rest_route=%2Fwp%2Fv2%2Fmedia&parent=2697"}],"wp:term":[{"taxonomy":"category","embeddable":true,"href":"https:\/\/www.yungayino.cl\/noticias\/index.php?rest_route=%2Fwp%2Fv2%2Fcategories&post=2697"},{"taxonomy":"post_tag","embeddable":true,"href":"https:\/\/www.yungayino.cl\/noticias\/index.php?rest_route=%2Fwp%2Fv2%2Ftags&post=2697"}],"curies":[{"name":"wp","href":"https:\/\/api.w.org\/{rel}","templated":true}]}}