{"id":26978,"date":"2022-10-02T07:00:30","date_gmt":"2022-10-02T11:00:30","guid":{"rendered":"http:\/\/www.yungayino.cl\/noticias\/?p=26978"},"modified":"2022-10-03T13:55:18","modified_gmt":"2022-10-03T17:55:18","slug":"delegacion-de-conaf-nuble-visito-el-jardin-botanico-de-valdivia-para-conocer-su-modelo-y-sistema-de-gobernanza","status":"publish","type":"post","link":"https:\/\/www.yungayino.cl\/noticias\/?p=26978","title":{"rendered":"Delegaci\u00f3n de CONAF \u00d1uble Visit\u00f3 el Jard\u00edn Bot\u00e1nico de Valdivia Para Conocer su Modelo y Sistema de Gobernanza"},"content":{"rendered":"<p><img loading=\"lazy\" decoding=\"async\" class=\"alignnone wp-image-26979 size-full\" src=\"http:\/\/www.yungayino.cl\/noticias\/wp-content\/uploads\/2022\/09\/nuble-valdivia.jpg\" alt=\"\" width=\"700\" height=\"350\" srcset=\"https:\/\/www.yungayino.cl\/noticias\/wp-content\/uploads\/2022\/09\/nuble-valdivia.jpg 700w, https:\/\/www.yungayino.cl\/noticias\/wp-content\/uploads\/2022\/09\/nuble-valdivia-300x150.jpg 300w\" sizes=\"auto, (max-width: 700px) 100vw, 700px\" \/><\/p>\n<p style=\"text-align: justify;\">Septiembre 2022: La visita se enmarc\u00f3 en el trabajo conducente a la creaci\u00f3n de un jard\u00edn bot\u00e1nico en predio de la Corporaci\u00f3n en Chill\u00e1n, para lo cual se avanza en contactos con otros jardines bot\u00e1nicos del pa\u00eds y en la b\u00fasqueda de colaboraciones locales.<\/p>\n<p style=\"text-align: justify;\">La Direcci\u00f3n Regional de la Corporaci\u00f3n Nacional Forestal (CONAF) de \u00d1uble, a trav\u00e9s de una delegaci\u00f3n encabezada por su director Renzo Galgani, visit\u00f3 el Jard\u00edn Bot\u00e1nico de la Universidad Austral de Chile (JBUACh) en la ciudad de Valdivia, regi\u00f3n de Los R\u00edos, como parte de las gestiones conducentes a la creaci\u00f3n de un recinto similar en Chill\u00e1n.<\/p>\n<p style=\"text-align: justify;\">Para ello, la delegaci\u00f3n se reuni\u00f3 con parte del equipo encargado de la administraci\u00f3n del JBUACh, quienes brindaron un recorrido guiado por parte del recinto de 10 hect\u00e1reas ubicadas en Isla Teja, dedicadas a la conservaci\u00f3n e investigaci\u00f3n de especies arb\u00f3reas nativas y ex\u00f3ticas, a la educaci\u00f3n ambiental y la recreaci\u00f3n de la comunidad.<\/p>\n<p style=\"text-align: justify;\">Renzo Galgani, director regional de CONAF \u00d1uble, se\u00f1al\u00f3 que \u201cla visita apunt\u00f3 a conocer c\u00f3mo funciona la gobernanza de este jard\u00edn bot\u00e1nico, a fin de recoger lo mejor de su experiencia y tambi\u00e9n los obst\u00e1culos y dificultades que han debido sortear, transform\u00e1ndose en una informaci\u00f3n relevante de cara a lo que ser\u00e1 la planificaci\u00f3n del primer jard\u00edn bot\u00e1nico de \u00d1uble\u201d.<\/p>\n<p style=\"text-align: justify;\">El directivo record\u00f3 que la idea de un jard\u00edn bot\u00e1nico para la nueva regi\u00f3n fue mandatada por el Ministro de Agricultura, Esteban Valenzuela, para lo cual se ha visualizado su futura instalaci\u00f3n en un espacio de 3,5 hect\u00e1reas, dentro del Centro Semilla de Semillas, Gen\u00e9tica e Investigaciones Entomol\u00f3gicas que administra CONAF en Chill\u00e1n.<\/p>\n<p style=\"text-align: justify;\">La directora del JBUACh, Paula Villagra Islas, agradeci\u00f3 la visita y destac\u00f3 la intenci\u00f3n que existe por parte de CONAF de instalar un jard\u00edn bot\u00e1nico en \u00d1uble, ya que \u201cen nuestro pa\u00eds a\u00fan falta una cultura de jardines, especialmente respecto a materias como educaci\u00f3n ambiental y conservaci\u00f3n de la biodiversidad\u201d.<\/p>\n<p style=\"text-align: justify;\">Esta es la segunda visita de este tipo, luego que hace algunos meses, profesionales de la CONAF \u00d1uble viajaran a conocer la experiencia del Jard\u00edn Bot\u00e1nico de Vi\u00f1a del Mar, en la regi\u00f3n de Valpara\u00edso.<\/p>\n","protected":false},"excerpt":{"rendered":"<p>Septiembre 2022: La visita se enmarc\u00f3 en el trabajo conducente a la creaci\u00f3n de un jard\u00edn bot\u00e1nico en predio de la Corporaci\u00f3n en Chill\u00e1n, para lo cual se avanza en contactos con otros jardines&#46;&#46;&#46;<\/p>\n","protected":false},"author":2,"featured_media":26979,"comment_status":"closed","ping_status":"open","sticky":false,"template":"","format":"standard","meta":{"footnotes":""},"categories":[1],"tags":[2661,1115,1678,789,8,2660,117],"class_list":["post-26978","post","type-post","status-publish","format-standard","has-post-thumbnail","hentry","category-noticias","tag-jardin-botanico","tag-noticias","tag-nuble","tag-valdivia","tag-yungay","tag-yungayinio","tag-yungayinocl"],"_links":{"self":[{"href":"https:\/\/www.yungayino.cl\/noticias\/index.php?rest_route=\/wp\/v2\/posts\/26978","targetHints":{"allow":["GET"]}}],"collection":[{"href":"https:\/\/www.yungayino.cl\/noticias\/index.php?rest_route=\/wp\/v2\/posts"}],"about":[{"href":"https:\/\/www.yungayino.cl\/noticias\/index.php?rest_route=\/wp\/v2\/types\/post"}],"author":[{"embeddable":true,"href":"https:\/\/www.yungayino.cl\/noticias\/index.php?rest_route=\/wp\/v2\/users\/2"}],"replies":[{"embeddable":true,"href":"https:\/\/www.yungayino.cl\/noticias\/index.php?rest_route=%2Fwp%2Fv2%2Fcomments&post=26978"}],"version-history":[{"count":1,"href":"https:\/\/www.yungayino.cl\/noticias\/index.php?rest_route=\/wp\/v2\/posts\/26978\/revisions"}],"predecessor-version":[{"id":26980,"href":"https:\/\/www.yungayino.cl\/noticias\/index.php?rest_route=\/wp\/v2\/posts\/26978\/revisions\/26980"}],"wp:featuredmedia":[{"embeddable":true,"href":"https:\/\/www.yungayino.cl\/noticias\/index.php?rest_route=\/wp\/v2\/media\/26979"}],"wp:attachment":[{"href":"https:\/\/www.yungayino.cl\/noticias\/index.php?rest_route=%2Fwp%2Fv2%2Fmedia&parent=26978"}],"wp:term":[{"taxonomy":"category","embeddable":true,"href":"https:\/\/www.yungayino.cl\/noticias\/index.php?rest_route=%2Fwp%2Fv2%2Fcategories&post=26978"},{"taxonomy":"post_tag","embeddable":true,"href":"https:\/\/www.yungayino.cl\/noticias\/index.php?rest_route=%2Fwp%2Fv2%2Ftags&post=26978"}],"curies":[{"name":"wp","href":"https:\/\/api.w.org\/{rel}","templated":true}]}}