{"id":26981,"date":"2022-09-30T17:05:05","date_gmt":"2022-09-30T21:05:05","guid":{"rendered":"http:\/\/www.yungayino.cl\/noticias\/?p=26981"},"modified":"2022-10-03T13:54:11","modified_gmt":"2022-10-03T17:54:11","slug":"alcalde-entrego-reconocimiento-a-campeones-regionales-de-cueca","status":"publish","type":"post","link":"https:\/\/www.yungayino.cl\/noticias\/?p=26981","title":{"rendered":"Alcalde Entreg\u00f3 Reconocimiento a Campeones Regionales de Cueca"},"content":{"rendered":"<p><img loading=\"lazy\" decoding=\"async\" class=\"alignnone wp-image-26982 size-full\" src=\"http:\/\/www.yungayino.cl\/noticias\/wp-content\/uploads\/2022\/09\/reconocimiento-cueca.jpg\" alt=\"\" width=\"700\" height=\"350\" srcset=\"https:\/\/www.yungayino.cl\/noticias\/wp-content\/uploads\/2022\/09\/reconocimiento-cueca.jpg 700w, https:\/\/www.yungayino.cl\/noticias\/wp-content\/uploads\/2022\/09\/reconocimiento-cueca-300x150.jpg 300w\" sizes=\"auto, (max-width: 700px) 100vw, 700px\" \/><\/p>\n<p style=\"text-align: justify;\"><strong>Yungay, septiembre 2022<\/strong>: En su oficina el alcalde, Rafael Cifuentes Rodr\u00edguez, salud\u00f3 y felicit\u00f3 a los Campeones Regionales de Cueca Escolar de Ense\u00f1anza Media, Bel\u00e9n Sald\u00edas y Daniel Ruiz, del Colegio Cholgu\u00e1n.<\/p>\n<p style=\"text-align: justify;\">Los j\u00f3venes se coronaron como campeones este 27 de septiembre en Quill\u00f3n y se preparan junto a su monitora Alejandra Cifuentes, para la muestra nacional que se desarrollar\u00e1 en Noviembre.<\/p>\n<p style=\"text-align: justify;\">\u00a1El mayor de los \u00e9xitos para estos j\u00f3venes que llevan el nombre de nuestra comuna a lo m\u00e1s alto!<\/p>\n<p><a href=\"http:\/\/www.yungayino.cl\/noticias\/wp-content\/uploads\/2022\/09\/reconocimiento_cueca.jpg\"><img loading=\"lazy\" decoding=\"async\" class=\"alignnone wp-image-26983 size-full\" src=\"http:\/\/www.yungayino.cl\/noticias\/wp-content\/uploads\/2022\/09\/reconocimiento_cueca.jpg\" alt=\"\" width=\"668\" height=\"912\" srcset=\"https:\/\/www.yungayino.cl\/noticias\/wp-content\/uploads\/2022\/09\/reconocimiento_cueca.jpg 668w, https:\/\/www.yungayino.cl\/noticias\/wp-content\/uploads\/2022\/09\/reconocimiento_cueca-220x300.jpg 220w, https:\/\/www.yungayino.cl\/noticias\/wp-content\/uploads\/2022\/09\/reconocimiento_cueca-110x150.jpg 110w\" sizes=\"auto, (max-width: 668px) 100vw, 668px\" \/><\/a><\/p>\n","protected":false},"excerpt":{"rendered":"<p>Yungay, septiembre 2022: En su oficina el alcalde, Rafael Cifuentes Rodr\u00edguez, salud\u00f3 y felicit\u00f3 a los Campeones Regionales de Cueca Escolar de Ense\u00f1anza Media, Bel\u00e9n Sald\u00edas y Daniel Ruiz, del Colegio Cholgu\u00e1n. Los j\u00f3venes&#46;&#46;&#46;<\/p>\n","protected":false},"author":2,"featured_media":26982,"comment_status":"closed","ping_status":"open","sticky":false,"template":"","format":"standard","meta":{"footnotes":""},"categories":[1],"tags":[2662,2663,1478,8,117],"class_list":["post-26981","post","type-post","status-publish","format-standard","has-post-thumbnail","hentry","category-noticias","tag-campeones-regionales-de-cueca-escolar","tag-ensenanza-media","tag-municipalidad-de-yungay","tag-yungay","tag-yungayinocl"],"_links":{"self":[{"href":"https:\/\/www.yungayino.cl\/noticias\/index.php?rest_route=\/wp\/v2\/posts\/26981","targetHints":{"allow":["GET"]}}],"collection":[{"href":"https:\/\/www.yungayino.cl\/noticias\/index.php?rest_route=\/wp\/v2\/posts"}],"about":[{"href":"https:\/\/www.yungayino.cl\/noticias\/index.php?rest_route=\/wp\/v2\/types\/post"}],"author":[{"embeddable":true,"href":"https:\/\/www.yungayino.cl\/noticias\/index.php?rest_route=\/wp\/v2\/users\/2"}],"replies":[{"embeddable":true,"href":"https:\/\/www.yungayino.cl\/noticias\/index.php?rest_route=%2Fwp%2Fv2%2Fcomments&post=26981"}],"version-history":[{"count":1,"href":"https:\/\/www.yungayino.cl\/noticias\/index.php?rest_route=\/wp\/v2\/posts\/26981\/revisions"}],"predecessor-version":[{"id":26984,"href":"https:\/\/www.yungayino.cl\/noticias\/index.php?rest_route=\/wp\/v2\/posts\/26981\/revisions\/26984"}],"wp:featuredmedia":[{"embeddable":true,"href":"https:\/\/www.yungayino.cl\/noticias\/index.php?rest_route=\/wp\/v2\/media\/26982"}],"wp:attachment":[{"href":"https:\/\/www.yungayino.cl\/noticias\/index.php?rest_route=%2Fwp%2Fv2%2Fmedia&parent=26981"}],"wp:term":[{"taxonomy":"category","embeddable":true,"href":"https:\/\/www.yungayino.cl\/noticias\/index.php?rest_route=%2Fwp%2Fv2%2Fcategories&post=26981"},{"taxonomy":"post_tag","embeddable":true,"href":"https:\/\/www.yungayino.cl\/noticias\/index.php?rest_route=%2Fwp%2Fv2%2Ftags&post=26981"}],"curies":[{"name":"wp","href":"https:\/\/api.w.org\/{rel}","templated":true}]}}