{"id":27018,"date":"2022-10-08T08:00:49","date_gmt":"2022-10-08T12:00:49","guid":{"rendered":"http:\/\/www.yungayino.cl\/noticias\/?p=27018"},"modified":"2022-10-06T16:04:46","modified_gmt":"2022-10-06T20:04:46","slug":"dia-nacional-del-medio-ambiente-seremi-del-medio-ambiente-mario-rivas-destaca-logros-que-han-impulsado-una-region-mas-sustentable","status":"publish","type":"post","link":"https:\/\/www.yungayino.cl\/noticias\/?p=27018","title":{"rendered":"D\u00eda Nacional del Medio Ambiente Seremi del Medio Ambiente Mario Rivas Destaca Logros que Han Impulsado una Regi\u00f3n m\u00e1s Sustentable"},"content":{"rendered":"<p><img loading=\"lazy\" decoding=\"async\" class=\"alignnone wp-image-27019 size-full\" src=\"http:\/\/www.yungayino.cl\/noticias\/wp-content\/uploads\/2022\/10\/medio_ambiente.jpg\" alt=\"\" width=\"700\" height=\"350\" srcset=\"https:\/\/www.yungayino.cl\/noticias\/wp-content\/uploads\/2022\/10\/medio_ambiente.jpg 700w, https:\/\/www.yungayino.cl\/noticias\/wp-content\/uploads\/2022\/10\/medio_ambiente-300x150.jpg 300w\" sizes=\"auto, (max-width: 700px) 100vw, 700px\" \/><\/p>\n<p style=\"text-align: justify;\">\u00d1uble, octubre 2022: El pasado domingo 2 de octubre se conmemor\u00f3 el D\u00eda Nacional del Medio Ambiente, promulgado en el 2014, fecha que tiene como objetivo contribuir con nuestra educaci\u00f3n ambiental, resaltando la motivaci\u00f3n hacia las personas e industrias para convertirse en agentes activos de un desarrollo sostenible y equitativo.<\/p>\n<p style=\"text-align: justify;\">Precisamente, el medioambiente es uno de los ejes principales fijados por el presidente Gabriel Boric, donde se establecieron tres puntos: Establecer una Pol\u00edtica Exterior Turquesa, propuesta de acuerdo para un trabajo en conjunto en la costa pac\u00edfica de Am\u00e9rica para la creaci\u00f3n de corredores marinos protegidos; creaci\u00f3n de Consejos de Cuenca en cada regi\u00f3n e implementar la Ley Marco de Cambio Clim\u00e1tico.<\/p>\n<p style=\"text-align: justify;\">El Seremi del Medio Ambiente, Mario Rivas, destac\u00f3 sobre este \u00faltimo punto que \u201cen estos 6 meses de gesti\u00f3n como Seremi he logrado comprender los principales desaf\u00edos ambientales que existen en los territorios de nuestra regi\u00f3n, y tal como he conversado con la Ministra Maisa Rojas, la lucha contra el cambio clim\u00e1tico y la proyecci\u00f3n de nuestros recursos naturales es una pol\u00edtica de Estado que debemos llevar a cabo de la mano con la ciudadan\u00eda. Por lo tanto, durante los pr\u00f3ximos meses estaremos difundiendo e impulsando fuertemente las nuevas normativas de car\u00e1cter ambiental, sumando actores para consolidar un enfoque sustentable integrado en la Regi\u00f3n, y fortaleciendo alianzas internacionales para la conservaci\u00f3n de nuestro ecosistema\u201d.<\/p>\n<p style=\"text-align: justify;\">Lo se\u00f1alado anteriormente se encuentra bajo el compromiso que Chile tenga su primer Gobierno Ecologista, enmarcado en el concepto de Transici\u00f3n Socio-Ecol\u00f3gica Justa, la cual se debe impulsar desde una perspectiva descentralizada.<\/p>\n<p style=\"text-align: justify;\">Proyectos e iniciativas<\/p>\n<p style=\"text-align: justify;\">Uno de los principales ejes es mejorar la calidad de vida de los habitantes de toda la comunidad, lo que se ha visto reflejado en el Programa de Recambio de Calefactores, apoyado con financiamiento FNDR del Gobierno Regional de \u00d1uble. Durante este a\u00f1o se han realizado dos llamados, y desde su puesta en marcha en 2016 se han entregado 7.905 calefactores, correspondientes a equipos con tecnolog\u00eda a Pellet, Aire Acondicionado y Kerosene, donde adem\u00e1s se espera la convocatoria de dos nuevos llamado antes de finalizar el 2022, Aire Acondicionado y Kerosene.<\/p>\n<p style=\"text-align: justify;\">En cuanto a Calidad de Aire, durante todos los meses de ejecuci\u00f3n de la GEC 2022, desde el 01 de abril al 30 de septiembre, se pudo constatar un total de 38 episodios cr\u00edticos registrados, lo que representa una baja en un 24% en comparaci\u00f3n al 2021, pero si lo comparamos con el a\u00f1o 2018, cuando inici\u00f3 la regi\u00f3n, observamos una disminuci\u00f3n del 50%, lo que representa un gran avance para \u00d1uble.<\/p>\n<p style=\"text-align: justify;\">A eso se suma la instalaci\u00f3n del equipo de monitoreo exploratorio de calidad de aire en la comuna de Bulnes, sum\u00e1ndose al trabajo que realiza la estaci\u00f3n instalada en San Carlos, lo que encamina la creaci\u00f3n de la Macrozona del Valle Central, que involucrar\u00e1 a 13 comunas de \u00d1uble, abarcando a cerca de un 84% de la poblaci\u00f3n de la regi\u00f3n.<\/p>\n<p style=\"text-align: justify;\">Adicionalmente junto al Gobierno Regional se trabajar\u00e1 en la elaboraci\u00f3n del Plan de Acci\u00f3n Regional de Cambio Clim\u00e1tico, abordado recientemente en el Comit\u00e9 Regional de Cambio Clim\u00e1tico (CORECC) que fue presidido por el Gobernador.<\/p>\n<p style=\"text-align: justify;\">Este 2022, para apoyar iniciativas ambientales presentadas por parte de la ciudadan\u00eda, el Fondo de Protecci\u00f3n Ambiental, que busca financiar proyectos o actividades orientadas a la protecci\u00f3n o reparaci\u00f3n del medio ambiente, fue adjudicado a entidades en las <strong>comunas de Yungay<\/strong>, Pinto y San Ignacio, extendiendo nuevamente <strong>este a\u00f1o su llamado a postulaci\u00f3n desde el 23 de agosto a 11 de octubre.<\/strong><\/p>\n<p style=\"text-align: justify;\">A trav\u00e9s del Sistema Nacional de Certificaci\u00f3n Ambiental de Establecimientos Educacionales (SNCAE), 54 establecimientos de \u00d1uble recibieron su certificaci\u00f3n, oportunidad donde se les entreg\u00f3 una compostera a cada instituci\u00f3n educativa, a trav\u00e9s de una ceremonia realizada en la comuna de Chill\u00e1n Viejo.<\/p>\n<p style=\"text-align: justify;\">Adem\u00e1s, gracias al Sistema de Certificaci\u00f3n Ambiental Municipal (SCAM), entregada por el Ministerio del Medio Ambiente, 11 municipalidades de \u00d1uble recibieron uno de los cinco niveles de certificaci\u00f3n, los que se entregan dependiendo de los a\u00f1os que tenga cada comuna en cuanto a su compromiso con el Medio Ambiente.<\/p>\n<p style=\"text-align: justify;\">La conservaci\u00f3n de h\u00e1bitats es otro foco principal donde el Seremi del Medio Ambiente ha tomado un rol protagonista, donde junto con comenzar con la pronta elaboraci\u00f3n de la Estrategia Regional de Biodiversidad, se ha trabajado fuertemente con lo relacionado al Huemul. En efecto, gracias trabajo realizado por el proyecto de Conservaci\u00f3n de Especies Amenazadas, ejecutado por el Ministerio del Medio Ambiente, implementado por la FAO y financiado por el Fondo Mundial para el Medio Ambiente (GEF en ingl\u00e9s), se focaliz\u00f3 en generar acciones para reducir las presiones sobre los ecosistemas del Huemul en la Cordillera de Los Andes y del Queule en Cobquecura.<\/p>\n<p style=\"text-align: justify;\">Adem\u00e1s, se han realizado otras actividades desarrolladas para la conservaci\u00f3n del huemul, como la: puesta en marcha del Plan de Recuperaci\u00f3n, Conservaci\u00f3n y Gesti\u00f3n (RECOGE) del Huemul de Nevados de Chillan; protocolos de monitoreo y buenas pr\u00e1cticas; la ejecuci\u00f3n de un programa de educaci\u00f3n ambiental; y el fortalecimiento de la gobernanza territorial junto con el Gobierno Regional, municipios, la academia, organizaciones sociales y actores locales. Adem\u00e1s, el Seremi presidi\u00f3 la Comisi\u00f3n de Medio Ambiente de la \u2018XXXVIII Reuni\u00f3n del Comit\u00e9 de Integraci\u00f3n Los Lagos\u2019 entre Chile y Argentina, realizada recientemente en nuestra regi\u00f3n, buscando abordar y reforzar de manera integral el trabajo en el Corredor Biol\u00f3gico binacional.<\/p>\n<p style=\"text-align: justify;\">Otro foco es la protecci\u00f3n de ecosistemas y distintas formas de vida que se encuentran en los numerosos humedales que hay en la regi\u00f3n. Actualmente en \u00d1uble, se han declarado cuatro Humedales Urbanos, correspondientes al Humedal de la Laguna Avenda\u00f1o en Quill\u00f3n, Humedales Itata y La Cascada de Coelemu, y el Humedal San Miguel de Chill\u00e1n, lo que comprende un total de 1.075 hect\u00e1reas protegidas bajo esta normativa. Otros tres procesos se encuentran iniciados en el Ministerio del Medio Ambiente, que son el Humedal del R\u00edo Colmuyao y Humedal R\u00edo Tauc\u00fa de Cobquecura, y el Humedal Maip\u00fa de O\u2019Higgins de Chill\u00e1n Viejo.<\/p>\n<p style=\"text-align: justify;\">Un hito importante que finaliz\u00f3 durante los primeros meses del a\u00f1o fue la entrega de la declaratoria del primer Santuario de la Naturaleza desde la creaci\u00f3n de la regi\u00f3n \u00d1uble: Santuario de la Naturaleza Humedal Desembocadura del r\u00edo Itata, correspondientes a las Comunas de Coelemu y Trehuaco, el cual posee una extensi\u00f3n de 928 hect\u00e1reas, que corresponde a un humedal costero de alto valor para la biodiversidad, estimando m\u00e1s de 80 especies que acuden a esta cuenca hidrogr\u00e1fica.<\/p>\n<p style=\"text-align: justify;\">En relaci\u00f3n a lo que comprende la Econom\u00eda Circular y su trabajo en \u00d1uble, se han realizado capacitaciones a funcionarios Municipales sobre la Estrategia Nacional de Residuos Org\u00e1nicos (ENRO). Tambi\u00e9n la implementaci\u00f3n de un plan piloto de compostaje\/vermicompostaje en 300 viviendas de Chill\u00e1n y a agricultores APL de San Nicolas, y la implementaci\u00f3n de composteras en 13 jardines infantiles de la Fundaci\u00f3n Integra, junto a la creaci\u00f3n de un grupo de trabajo \u201cMunicipios ENRO\u201d con 8 comunas.<\/p>\n<p style=\"text-align: justify;\">Tambi\u00e9n se promocion\u00f3 en municipios sobre la Ley de Reciclaje y Responsabilidad Extendida del Productor (Ley REP), junto al apoyo para la instalaci\u00f3n de puntos de reciclaje. Adem\u00e1s, por segundo a\u00f1o consecutivo el Municipio de Chill\u00e1n se adjudic\u00f3 el Fondo para el Reciclaje Exequiel Estay lo que permiti\u00f3 apoyar la gesti\u00f3n de residuos domiciliarios org\u00e1nicos e inorg\u00e1nicos, de la mano el fortalecimiento del rol que desarrollan 10 recicladores de base en la comuna.<\/p>\n<p style=\"text-align: justify;\">En el marco de la Hoja de Ruta de Econom\u00eda Circular, el Seremi del Medio Ambiente ha suscrito un convenio con la Universidad del B\u00edo-B\u00edo en Chill\u00e1n para impulsar el desarrollo educacional ambiental en la regi\u00f3n, realizando capacitaciones y seminarios. Adem\u00e1s, se ha establecido una colaboraci\u00f3n con la empresa Essbio, inaugurando puntos de reciclaje de aceite domiciliario en 6 comunas de \u00d1uble, que busca evitar el vertido de aceite en el alcantarillado, suelo y agua.<\/p>\n<p style=\"text-align: justify;\">Finalmente, el Gobierno Regional de \u00d1uble aprob\u00f3 el financiamiento para la iniciativa \u201c\u00d1uble Circular\u201d, presentada por el Seremi del Medio Ambiente de \u00d1uble, cuyo objetivo es contribuir a mejorar la gesti\u00f3n de los residuos s\u00f3lidos domiciliarios bajo la l\u00f3gica de la Econom\u00eda Circular. La iniciativa contempla la formaci\u00f3n de 84 Monitores ambientales comunales, 2 ferias de reciclaje, 21 pilotos de compostaje y vermicompostaje domiciliario, beneficiando a 1.217 familias de 14 comunas de \u00d1uble (5% hogares), y 3 pilotos por provincia de valorizaci\u00f3n de residuos de podas y \u00e1reas verdes municipales.<\/p>\n<p>&nbsp;<\/p>\n<p><img loading=\"lazy\" decoding=\"async\" class=\"alignnone wp-image-27020 size-full\" src=\"http:\/\/www.yungayino.cl\/noticias\/wp-content\/uploads\/2022\/10\/medio_ambiente_1.jpg\" alt=\"\" width=\"700\" height=\"394\" srcset=\"https:\/\/www.yungayino.cl\/noticias\/wp-content\/uploads\/2022\/10\/medio_ambiente_1.jpg 700w, https:\/\/www.yungayino.cl\/noticias\/wp-content\/uploads\/2022\/10\/medio_ambiente_1-300x169.jpg 300w, https:\/\/www.yungayino.cl\/noticias\/wp-content\/uploads\/2022\/10\/medio_ambiente_1-266x150.jpg 266w\" sizes=\"auto, (max-width: 700px) 100vw, 700px\" \/><\/p>\n<p><img loading=\"lazy\" decoding=\"async\" class=\"alignnone wp-image-27021 size-full\" src=\"http:\/\/www.yungayino.cl\/noticias\/wp-content\/uploads\/2022\/10\/medio_ambiente_2.jpg\" alt=\"\" width=\"700\" height=\"416\" srcset=\"https:\/\/www.yungayino.cl\/noticias\/wp-content\/uploads\/2022\/10\/medio_ambiente_2.jpg 700w, https:\/\/www.yungayino.cl\/noticias\/wp-content\/uploads\/2022\/10\/medio_ambiente_2-300x178.jpg 300w, https:\/\/www.yungayino.cl\/noticias\/wp-content\/uploads\/2022\/10\/medio_ambiente_2-252x150.jpg 252w\" sizes=\"auto, (max-width: 700px) 100vw, 700px\" \/><\/p>\n<p>&nbsp;<\/p>\n","protected":false},"excerpt":{"rendered":"<p>\u00d1uble, octubre 2022: El pasado domingo 2 de octubre se conmemor\u00f3 el D\u00eda Nacional del Medio Ambiente, promulgado en el 2014, fecha que tiene como objetivo contribuir con nuestra educaci\u00f3n ambiental, resaltando la motivaci\u00f3n&#46;&#46;&#46;<\/p>\n","protected":false},"author":2,"featured_media":27019,"comment_status":"closed","ping_status":"open","sticky":false,"template":"","format":"standard","meta":{"footnotes":""},"categories":[1],"tags":[904,1115,1678,8,6,117],"class_list":["post-27018","post","type-post","status-publish","format-standard","has-post-thumbnail","hentry","category-noticias","tag-medio-ambiente","tag-noticias","tag-nuble","tag-yungay","tag-yungayino","tag-yungayinocl"],"_links":{"self":[{"href":"https:\/\/www.yungayino.cl\/noticias\/index.php?rest_route=\/wp\/v2\/posts\/27018","targetHints":{"allow":["GET"]}}],"collection":[{"href":"https:\/\/www.yungayino.cl\/noticias\/index.php?rest_route=\/wp\/v2\/posts"}],"about":[{"href":"https:\/\/www.yungayino.cl\/noticias\/index.php?rest_route=\/wp\/v2\/types\/post"}],"author":[{"embeddable":true,"href":"https:\/\/www.yungayino.cl\/noticias\/index.php?rest_route=\/wp\/v2\/users\/2"}],"replies":[{"embeddable":true,"href":"https:\/\/www.yungayino.cl\/noticias\/index.php?rest_route=%2Fwp%2Fv2%2Fcomments&post=27018"}],"version-history":[{"count":2,"href":"https:\/\/www.yungayino.cl\/noticias\/index.php?rest_route=\/wp\/v2\/posts\/27018\/revisions"}],"predecessor-version":[{"id":27023,"href":"https:\/\/www.yungayino.cl\/noticias\/index.php?rest_route=\/wp\/v2\/posts\/27018\/revisions\/27023"}],"wp:featuredmedia":[{"embeddable":true,"href":"https:\/\/www.yungayino.cl\/noticias\/index.php?rest_route=\/wp\/v2\/media\/27019"}],"wp:attachment":[{"href":"https:\/\/www.yungayino.cl\/noticias\/index.php?rest_route=%2Fwp%2Fv2%2Fmedia&parent=27018"}],"wp:term":[{"taxonomy":"category","embeddable":true,"href":"https:\/\/www.yungayino.cl\/noticias\/index.php?rest_route=%2Fwp%2Fv2%2Fcategories&post=27018"},{"taxonomy":"post_tag","embeddable":true,"href":"https:\/\/www.yungayino.cl\/noticias\/index.php?rest_route=%2Fwp%2Fv2%2Ftags&post=27018"}],"curies":[{"name":"wp","href":"https:\/\/api.w.org\/{rel}","templated":true}]}}