{"id":27024,"date":"2022-10-09T07:00:07","date_gmt":"2022-10-09T11:00:07","guid":{"rendered":"http:\/\/www.yungayino.cl\/noticias\/?p=27024"},"modified":"2022-10-06T16:07:53","modified_gmt":"2022-10-06T20:07:53","slug":"inician-visitas-de-evaluacion-tecnica-a-terrenos-que-podrian-albergar-la-escuela-de-formacion-de-carabineros-en-nuble","status":"publish","type":"post","link":"https:\/\/www.yungayino.cl\/noticias\/?p=27024","title":{"rendered":"Inician Visitas de Evaluaci\u00f3n T\u00e9cnica a Terrenos que Podr\u00edan Albergar la Escuela de Formaci\u00f3n de Carabineros en \u00d1uble"},"content":{"rendered":"<p><img loading=\"lazy\" decoding=\"async\" class=\"alignnone wp-image-27025 size-full\" src=\"http:\/\/www.yungayino.cl\/noticias\/wp-content\/uploads\/2022\/10\/carabineros_nuble.jpg\" alt=\"\" width=\"700\" height=\"350\" srcset=\"https:\/\/www.yungayino.cl\/noticias\/wp-content\/uploads\/2022\/10\/carabineros_nuble.jpg 700w, https:\/\/www.yungayino.cl\/noticias\/wp-content\/uploads\/2022\/10\/carabineros_nuble-300x150.jpg 300w\" sizes=\"auto, (max-width: 700px) 100vw, 700px\" \/><\/p>\n<p style=\"text-align: justify;\">\u00d1uble, octubre 2022: La mesa de trabajo avanzar\u00e1 en el an\u00e1lisis t\u00e9cnico de las opciones para ubicar el plantel educacional que podr\u00eda tener una capacidad para al menos 200 aspirantes a Carabineros.<\/p>\n<p style=\"text-align: justify;\">Cumpliendo el compromiso que asumi\u00f3 de avanzar en pasos concretos en la instalaci\u00f3n de una Escuela de Formaci\u00f3n de Carabineros de \u00d1uble y as\u00ed brindar mayor seguridad en la regi\u00f3n, el Gobernador Regional, \u00d3scar Cris\u00f3stomo, encabez\u00f3 una reuni\u00f3n y posterior visita inspectiva a los terrenos donde se podr\u00eda levantar el futuro plantel educacional.<\/p>\n<p style=\"text-align: justify;\">Junto a la Directora de la Escuela de Formaci\u00f3n de Carabineros de Chile, Coronel Claudia Carrasco, el Delegado Presidencial Regional, Claudio Ferrada y la Jefa de la XVI Zona de Carabineros de \u00d1uble, General Mar\u00eda Teresa Araya, el Gobernador reiter\u00f3 que esta es una estrategia m\u00e1s para otorgar mayor seguridad a \u00d1uble y, a la vez, destac\u00f3 el trabajo coordinado y las voluntades que se han sumado para empujar esta iniciativa que le propuso en agosto al Director General Ricardo Y\u00e1nez.<\/p>\n<p style=\"text-align: justify;\">En ese sentido, el Gobernador Cris\u00f3stomo explic\u00f3 que \u201choy andan los equipos t\u00e9cnicos, con quienes estamos recorriendo los diversos lugares que pueden tener opciones de ser el terreno definitivo. No nos vamos a cerrar a ninguno porque lo primero que vamos a esperar son los informes de los equipos t\u00e9cnicos y los equipos multidisciplinarios que est\u00e1n recorriendo\u201d. Detall\u00f3 que \u201cestamos pensando en tener una escuela que albergue a cerca de 250 estudiantes, recordar que en la Regi\u00f3n de \u00d1uble son m\u00e1s de 1.000 los postulantes y son cerca de 400 los que quedan finalmente en el proceso de selecci\u00f3n, por lo tanto, esta deber\u00eda ser una de las escuelas m\u00e1s grandes de nuestro pa\u00eds y que en base a la buena ubicaci\u00f3n que va a tener, pueda albergar no solamente en un futuro pr\u00f3ximo a los alumnos de nuestra regi\u00f3n, sino que tambi\u00e9n de regiones adyacentes\u201d.<\/p>\n<p style=\"text-align: justify;\">Asimismo el Delegado Presidencial, Claudio Ferrada, record\u00f3 que este \u201ces un anhelo que por tantos a\u00f1os se ha ido dilatando, pero que por fin encuentra voluntad y disposici\u00f3n real para avanzar concretamente en la posibilidad de iniciar una ejecuci\u00f3n en la Regi\u00f3n de \u00d1uble (\u2026) sin duda traer\u00eda un beneficio a la regi\u00f3n, no tan solo a una regi\u00f3n que est\u00e1 animada y contenta con la instituci\u00f3n, sino que tambi\u00e9n en una fuerza de tarea que ser\u00eda importante dentro de los quehaceres y las problem\u00e1ticas que tenemos en materia de seguridad en la regi\u00f3n de \u00d1uble\u201d.<\/p>\n<p style=\"text-align: justify;\"><strong>Compromiso de Carabineros<\/strong><\/p>\n<p style=\"text-align: justify;\">Por su parte, la General Mar\u00eda Teresa Araya reiter\u00f3 que \u201ces una tremenda oportunidad para la Regi\u00f3n de \u00d1uble que pudi\u00e9ramos tener este grupo de formaci\u00f3n con una capacidad, m\u00e1s o menos, para unos 200 o quiz\u00e1s m\u00e1s alumnos que vivan ac\u00e1, y se desarrollen ac\u00e1 por dos a\u00f1os donde el nivel de educaci\u00f3n t\u00e9cnico que van a recibir es muy significativo y adem\u00e1s van a generar otras externalidades positivas como nosotros vamos necesitar gente que trabaje en alimentaci\u00f3n manipuladoras de alimentos y otros con la finalidad de que ello puedan hacer su vida de internado por dos a\u00f1os\u201d.<\/p>\n<p style=\"text-align: justify;\">Finalmente, la Directora de la Escuela de Formaci\u00f3n de Carabineros destac\u00f3 el aporte que puede hacer la Escuela de Formaci\u00f3n en esta iniciativa para \u00d1uble, \u201cy aportar hacia la regi\u00f3n un nuevo grupo de formaci\u00f3n donde la participaci\u00f3n de nuestros Carabineros ser\u00e1 de real importancia con la vinculaci\u00f3n del medio y el\u00a0 resto de la ciudadan\u00eda\u201d.<\/p>\n<p style=\"text-align: justify;\">Seg\u00fan cifras aportadas, estad\u00edsticamente en los \u00faltimos 10 a\u00f1os hay un promedio de postulaci\u00f3n de mil aspirantes para un universo de vacancia de entre 300 y 400 alumnos.<\/p>\n<p>&nbsp;<\/p>\n<p><img loading=\"lazy\" decoding=\"async\" class=\"alignnone wp-image-27026 size-full\" src=\"http:\/\/www.yungayino.cl\/noticias\/wp-content\/uploads\/2022\/10\/carabineros_nuble_terreno.jpg\" alt=\"\" width=\"700\" height=\"567\" srcset=\"https:\/\/www.yungayino.cl\/noticias\/wp-content\/uploads\/2022\/10\/carabineros_nuble_terreno.jpg 700w, https:\/\/www.yungayino.cl\/noticias\/wp-content\/uploads\/2022\/10\/carabineros_nuble_terreno-300x243.jpg 300w, https:\/\/www.yungayino.cl\/noticias\/wp-content\/uploads\/2022\/10\/carabineros_nuble_terreno-185x150.jpg 185w\" sizes=\"auto, (max-width: 700px) 100vw, 700px\" \/><\/p>\n","protected":false},"excerpt":{"rendered":"<p>\u00d1uble, octubre 2022: La mesa de trabajo avanzar\u00e1 en el an\u00e1lisis t\u00e9cnico de las opciones para ubicar el plantel educacional que podr\u00eda tener una capacidad para al menos 200 aspirantes a Carabineros. Cumpliendo el&#46;&#46;&#46;<\/p>\n","protected":false},"author":2,"featured_media":27025,"comment_status":"closed","ping_status":"open","sticky":false,"template":"","format":"standard","meta":{"footnotes":""},"categories":[1],"tags":[25,1115,1678,8,6,117],"class_list":["post-27024","post","type-post","status-publish","format-standard","has-post-thumbnail","hentry","category-noticias","tag-carabineros","tag-noticias","tag-nuble","tag-yungay","tag-yungayino","tag-yungayinocl"],"_links":{"self":[{"href":"https:\/\/www.yungayino.cl\/noticias\/index.php?rest_route=\/wp\/v2\/posts\/27024","targetHints":{"allow":["GET"]}}],"collection":[{"href":"https:\/\/www.yungayino.cl\/noticias\/index.php?rest_route=\/wp\/v2\/posts"}],"about":[{"href":"https:\/\/www.yungayino.cl\/noticias\/index.php?rest_route=\/wp\/v2\/types\/post"}],"author":[{"embeddable":true,"href":"https:\/\/www.yungayino.cl\/noticias\/index.php?rest_route=\/wp\/v2\/users\/2"}],"replies":[{"embeddable":true,"href":"https:\/\/www.yungayino.cl\/noticias\/index.php?rest_route=%2Fwp%2Fv2%2Fcomments&post=27024"}],"version-history":[{"count":2,"href":"https:\/\/www.yungayino.cl\/noticias\/index.php?rest_route=\/wp\/v2\/posts\/27024\/revisions"}],"predecessor-version":[{"id":27028,"href":"https:\/\/www.yungayino.cl\/noticias\/index.php?rest_route=\/wp\/v2\/posts\/27024\/revisions\/27028"}],"wp:featuredmedia":[{"embeddable":true,"href":"https:\/\/www.yungayino.cl\/noticias\/index.php?rest_route=\/wp\/v2\/media\/27025"}],"wp:attachment":[{"href":"https:\/\/www.yungayino.cl\/noticias\/index.php?rest_route=%2Fwp%2Fv2%2Fmedia&parent=27024"}],"wp:term":[{"taxonomy":"category","embeddable":true,"href":"https:\/\/www.yungayino.cl\/noticias\/index.php?rest_route=%2Fwp%2Fv2%2Fcategories&post=27024"},{"taxonomy":"post_tag","embeddable":true,"href":"https:\/\/www.yungayino.cl\/noticias\/index.php?rest_route=%2Fwp%2Fv2%2Ftags&post=27024"}],"curies":[{"name":"wp","href":"https:\/\/api.w.org\/{rel}","templated":true}]}}