{"id":27033,"date":"2022-10-10T07:00:16","date_gmt":"2022-10-10T11:00:16","guid":{"rendered":"http:\/\/www.yungayino.cl\/noticias\/?p=27033"},"modified":"2022-10-06T16:12:08","modified_gmt":"2022-10-06T20:12:08","slug":"injuv-junto-al-oij-lanzan-1-000-becas-para-capacitar-y-lograr-insercion-laboral-de-jovenes","status":"publish","type":"post","link":"https:\/\/www.yungayino.cl\/noticias\/?p=27033","title":{"rendered":"INJUV Junto al OIJ lanzan 1.000 Becas Para Capacitar y Lograr Inserci\u00f3n Laboral de J\u00f3venes"},"content":{"rendered":"<p><img loading=\"lazy\" decoding=\"async\" class=\"alignnone wp-image-27034 size-full\" src=\"http:\/\/www.yungayino.cl\/noticias\/wp-content\/uploads\/2022\/10\/injuv_capacitacion.jpg\" alt=\"\" width=\"700\" height=\"875\" srcset=\"https:\/\/www.yungayino.cl\/noticias\/wp-content\/uploads\/2022\/10\/injuv_capacitacion.jpg 700w, https:\/\/www.yungayino.cl\/noticias\/wp-content\/uploads\/2022\/10\/injuv_capacitacion-240x300.jpg 240w, https:\/\/www.yungayino.cl\/noticias\/wp-content\/uploads\/2022\/10\/injuv_capacitacion-120x150.jpg 120w\" sizes=\"auto, (max-width: 700px) 100vw, 700px\" \/><\/p>\n<p style=\"text-align: justify;\">Nacional, octubre 2022: Las becas del <strong>\u201cPrograma de Competencias Digitales y Socioemocionales\u201d<\/strong> contempla 60 cursos con certificaci\u00f3n por 120 horas acad\u00e9micas.<\/p>\n<p style=\"text-align: justify;\">El Instituto Nacional de la Juventud (INJUV) y el Organismo Internacional de Juventud para Iberoam\u00e9rica (OIJ) lanzaron 1.000 becas en formaci\u00f3n de competencias digitales y socioemocionales para j\u00f3venes de 15 a 29 a\u00f1os de edad a nivel nacional.<\/p>\n<p style=\"text-align: justify;\">El objetivo del programa es capacitar a j\u00f3venes en competencias digitales y socioemocionales que facilitan la inserci\u00f3n en el mundo del trabajo. El programa elaborado por el OIJ en el marco del PLAN 3.0 se ha planteado en tres ejes fundamentales: generar competencias digitales y socioemocionales, desarrollar un banco de soluciones e innovaciones tecnol\u00f3gicas, y fomentar la transformaci\u00f3n digital a trav\u00e9s de un ecosistema de formaci\u00f3n.<\/p>\n<p style=\"text-align: justify;\">\u201cEsta iniciativa es una gran oportunidad para que las y los j\u00f3venes puedan formarse y capacitarse y as\u00ed lograr insertarse en el mundo laboral. El empleo es uno de los temas m\u00e1s relevantes para INJUV ya que, seg\u00fan los datos del \u00faltimo trimestre m\u00f3vil de la Encuesta Nacional de Empleo del INE, la tasa de desempleo de la poblaci\u00f3n joven alcanza al 46.9%, 13 puntos menos que la de la poblaci\u00f3n general (59.7%)\u201d, explica el director nacional (s) de INJUV, Juan Pablo Duhalde.<\/p>\n<p style=\"text-align: justify;\">\u201cEl programa de formaci\u00f3n en competencias digitales y socioemocionales fue desarrollado para empoderar y potenciar a las personas j\u00f3venes y aprovechar la tecnolog\u00eda como aliada para la reducci\u00f3n de las brechas. Desde el OIJ posicionamos a las personas j\u00f3venes como productores de tecnolog\u00eda y no consumidores, y para ello es necesario fortalecer esa habilidad que tiene esta generaci\u00f3n digital y que a su vez facilitar\u00e1 su empleabilidad y, sobre todo, los empoderar\u00e1 para que puedan decidir, hacer e incidir\u201d, sostuvo el secretario general del OIJ, Max Trejo.<\/p>\n<p style=\"text-align: justify;\">Las becas del \u201cPrograma de Competencias Digitales y Socioemocionales\u201d contemplan 60 cursos con certificaci\u00f3n por 120 horas acad\u00e9micas. Se desarrollar\u00e1n de modo online y es 100% gratis. En total son cinco bloques, de ellos tres est\u00e1n enfocados en el tema digital, uno aborda competencias socioemocionales y el \u00faltimo est\u00e1 dirigido a la orientaci\u00f3n laboral. Quienes obtengan la beca tendr\u00e1n un plazo de tres meses para cumplir con el plan formativo.<\/p>\n<p style=\"text-align: justify;\">Quienes participen y terminen cada curso podr\u00e1n obtener a trav\u00e9s de un correo electr\u00f3nico, un certificado que acredita la participaci\u00f3n y finalizaci\u00f3n de cada bloque. Quienes hayan finalizado los cinco bloques obtendr\u00e1n la certificaci\u00f3n del \u201cPrograma Formaci\u00f3n en Competencias Digitales y Socioemocionales\u201d.<\/p>\n<p style=\"text-align: justify;\">Estas becas est\u00e1n dirigidas a j\u00f3venes residentes en cualquier regi\u00f3n de Chile que deseen tener un primer contacto o fortalecer sus habilidades digitales y socioemocionales. <strong>La convocatoria estar\u00e1 abierta desde el jueves 29 de septiembre hasta el mi\u00e9rcoles 19 de octubre a las 13:00 horas.<\/strong><\/p>\n<p style=\"text-align: justify;\">Para postular se debe ingresar a <strong><a href=\"https:\/\/extranet.injuv.gob.cl\/formacion_competenciasdigitales\/\">https:\/\/extranet.injuv.gob.cl\/formacion_competenciasdigitales\/<\/a><\/strong> y realizar la inscripci\u00f3n con su Clave \u00danica.<\/p>\n<p style=\"text-align: justify;\">Cualquier consulta se puede realizar v\u00eda correo electr\u00f3nico al mail: <strong><a href=\"mailto:cursosdeformacion@injuv.gob.cl\">cursosdeformacion@injuv.gob.cl<\/a><\/strong><strong>. <\/strong><\/p>\n","protected":false},"excerpt":{"rendered":"<p>Nacional, octubre 2022: Las becas del \u201cPrograma de Competencias Digitales y Socioemocionales\u201d contempla 60 cursos con certificaci\u00f3n por 120 horas acad\u00e9micas. El Instituto Nacional de la Juventud (INJUV) y el Organismo Internacional de Juventud&#46;&#46;&#46;<\/p>\n","protected":false},"author":2,"featured_media":27034,"comment_status":"closed","ping_status":"open","sticky":false,"template":"","format":"standard","meta":{"footnotes":""},"categories":[1],"tags":[585,667,1115,8,6,117],"class_list":["post-27033","post","type-post","status-publish","format-standard","has-post-thumbnail","hentry","category-noticias","tag-capacitacion","tag-injuv","tag-noticias","tag-yungay","tag-yungayino","tag-yungayinocl"],"_links":{"self":[{"href":"https:\/\/www.yungayino.cl\/noticias\/index.php?rest_route=\/wp\/v2\/posts\/27033","targetHints":{"allow":["GET"]}}],"collection":[{"href":"https:\/\/www.yungayino.cl\/noticias\/index.php?rest_route=\/wp\/v2\/posts"}],"about":[{"href":"https:\/\/www.yungayino.cl\/noticias\/index.php?rest_route=\/wp\/v2\/types\/post"}],"author":[{"embeddable":true,"href":"https:\/\/www.yungayino.cl\/noticias\/index.php?rest_route=\/wp\/v2\/users\/2"}],"replies":[{"embeddable":true,"href":"https:\/\/www.yungayino.cl\/noticias\/index.php?rest_route=%2Fwp%2Fv2%2Fcomments&post=27033"}],"version-history":[{"count":2,"href":"https:\/\/www.yungayino.cl\/noticias\/index.php?rest_route=\/wp\/v2\/posts\/27033\/revisions"}],"predecessor-version":[{"id":27048,"href":"https:\/\/www.yungayino.cl\/noticias\/index.php?rest_route=\/wp\/v2\/posts\/27033\/revisions\/27048"}],"wp:featuredmedia":[{"embeddable":true,"href":"https:\/\/www.yungayino.cl\/noticias\/index.php?rest_route=\/wp\/v2\/media\/27034"}],"wp:attachment":[{"href":"https:\/\/www.yungayino.cl\/noticias\/index.php?rest_route=%2Fwp%2Fv2%2Fmedia&parent=27033"}],"wp:term":[{"taxonomy":"category","embeddable":true,"href":"https:\/\/www.yungayino.cl\/noticias\/index.php?rest_route=%2Fwp%2Fv2%2Fcategories&post=27033"},{"taxonomy":"post_tag","embeddable":true,"href":"https:\/\/www.yungayino.cl\/noticias\/index.php?rest_route=%2Fwp%2Fv2%2Ftags&post=27033"}],"curies":[{"name":"wp","href":"https:\/\/api.w.org\/{rel}","templated":true}]}}