{"id":27065,"date":"2022-10-19T15:00:35","date_gmt":"2022-10-19T19:00:35","guid":{"rendered":"http:\/\/www.yungayino.cl\/noticias\/?p=27065"},"modified":"2022-10-20T15:32:25","modified_gmt":"2022-10-20T19:32:25","slug":"municipio-firma-convenio-de-colaboracion-con-ips-para-mejorar-la-cobertura-y-atencion","status":"publish","type":"post","link":"https:\/\/www.yungayino.cl\/noticias\/?p=27065","title":{"rendered":"Municipio Firma Convenio de Colaboraci\u00f3n con IPS Para Mejorar la Cobertura y Atenci\u00f3n"},"content":{"rendered":"<p><img loading=\"lazy\" decoding=\"async\" class=\"alignnone wp-image-27066 size-full\" src=\"http:\/\/www.yungayino.cl\/noticias\/wp-content\/uploads\/2022\/10\/1.jpg\" alt=\"\" width=\"700\" height=\"350\" srcset=\"https:\/\/www.yungayino.cl\/noticias\/wp-content\/uploads\/2022\/10\/1.jpg 700w, https:\/\/www.yungayino.cl\/noticias\/wp-content\/uploads\/2022\/10\/1-300x150.jpg 300w\" sizes=\"auto, (max-width: 700px) 100vw, 700px\" \/><\/p>\n<p style=\"text-align: justify;\">Yungay, octubre 2022: Alcalde, Rafael Cifuentes Rodr\u00edguez, se reuni\u00f3 con Hern\u00e1n Vald\u00e9s Rojas, coordinador del servicio al cliente del Instituto de Previsi\u00f3n Social, para firmar un importante convenio de colaboraci\u00f3n con el fin de mejorar la cobertura del servicio.<\/p>\n<p style=\"text-align: justify;\">Municipio ya realizaba tr\u00e1mites relacionados con el IPS, este convenio ratifica sus prestaciones y, adem\u00e1s, permitir\u00e1 el acceso a subsidios de discapacidad mental, f\u00edsica y sensorial.<\/p>\n<p style=\"text-align: justify;\">\u00abEste compromiso entre las instituciones s\u00f3lo trae beneficios para nuestros vecinos y vecinas de Yungay, quienes tendr\u00e1n m\u00e1s cerca los servicios del IPS y podr\u00e1n hacer la tramitaci\u00f3n y obtenci\u00f3n de subsidios en su municipalidad\u00bb se\u00f1al\u00f3 la primera autoridad comunal.<\/p>\n","protected":false},"excerpt":{"rendered":"<p>Yungay, octubre 2022: Alcalde, Rafael Cifuentes Rodr\u00edguez, se reuni\u00f3 con Hern\u00e1n Vald\u00e9s Rojas, coordinador del servicio al cliente del Instituto de Previsi\u00f3n Social, para firmar un importante convenio de colaboraci\u00f3n con el fin de&#46;&#46;&#46;<\/p>\n","protected":false},"author":2,"featured_media":27066,"comment_status":"closed","ping_status":"open","sticky":false,"template":"","format":"standard","meta":{"footnotes":""},"categories":[1],"tags":[1115,8,6,117],"class_list":["post-27065","post","type-post","status-publish","format-standard","has-post-thumbnail","hentry","category-noticias","tag-noticias","tag-yungay","tag-yungayino","tag-yungayinocl"],"_links":{"self":[{"href":"https:\/\/www.yungayino.cl\/noticias\/index.php?rest_route=\/wp\/v2\/posts\/27065","targetHints":{"allow":["GET"]}}],"collection":[{"href":"https:\/\/www.yungayino.cl\/noticias\/index.php?rest_route=\/wp\/v2\/posts"}],"about":[{"href":"https:\/\/www.yungayino.cl\/noticias\/index.php?rest_route=\/wp\/v2\/types\/post"}],"author":[{"embeddable":true,"href":"https:\/\/www.yungayino.cl\/noticias\/index.php?rest_route=\/wp\/v2\/users\/2"}],"replies":[{"embeddable":true,"href":"https:\/\/www.yungayino.cl\/noticias\/index.php?rest_route=%2Fwp%2Fv2%2Fcomments&post=27065"}],"version-history":[{"count":1,"href":"https:\/\/www.yungayino.cl\/noticias\/index.php?rest_route=\/wp\/v2\/posts\/27065\/revisions"}],"predecessor-version":[{"id":27067,"href":"https:\/\/www.yungayino.cl\/noticias\/index.php?rest_route=\/wp\/v2\/posts\/27065\/revisions\/27067"}],"wp:featuredmedia":[{"embeddable":true,"href":"https:\/\/www.yungayino.cl\/noticias\/index.php?rest_route=\/wp\/v2\/media\/27066"}],"wp:attachment":[{"href":"https:\/\/www.yungayino.cl\/noticias\/index.php?rest_route=%2Fwp%2Fv2%2Fmedia&parent=27065"}],"wp:term":[{"taxonomy":"category","embeddable":true,"href":"https:\/\/www.yungayino.cl\/noticias\/index.php?rest_route=%2Fwp%2Fv2%2Fcategories&post=27065"},{"taxonomy":"post_tag","embeddable":true,"href":"https:\/\/www.yungayino.cl\/noticias\/index.php?rest_route=%2Fwp%2Fv2%2Ftags&post=27065"}],"curies":[{"name":"wp","href":"https:\/\/api.w.org\/{rel}","templated":true}]}}