{"id":27068,"date":"2022-10-20T14:00:33","date_gmt":"2022-10-20T18:00:33","guid":{"rendered":"http:\/\/www.yungayino.cl\/noticias\/?p=27068"},"modified":"2022-10-20T15:34:42","modified_gmt":"2022-10-20T19:34:42","slug":"nuevo-destino-para-vacaciones-tercera-edad-san-fabian-de-alico","status":"publish","type":"post","link":"https:\/\/www.yungayino.cl\/noticias\/?p=27068","title":{"rendered":"Nuevo Destino Para Vacaciones Tercera Edad: San Fabi\u00e1n de Alico"},"content":{"rendered":"<p><img loading=\"lazy\" decoding=\"async\" class=\"alignnone wp-image-27069 size-full\" src=\"http:\/\/www.yungayino.cl\/noticias\/wp-content\/uploads\/2022\/10\/20-octubre-viaje-tercera-edad-1.jpg\" alt=\"\" width=\"700\" height=\"700\" srcset=\"https:\/\/www.yungayino.cl\/noticias\/wp-content\/uploads\/2022\/10\/20-octubre-viaje-tercera-edad-1.jpg 700w, https:\/\/www.yungayino.cl\/noticias\/wp-content\/uploads\/2022\/10\/20-octubre-viaje-tercera-edad-1-300x300.jpg 300w, https:\/\/www.yungayino.cl\/noticias\/wp-content\/uploads\/2022\/10\/20-octubre-viaje-tercera-edad-1-150x150.jpg 150w, https:\/\/www.yungayino.cl\/noticias\/wp-content\/uploads\/2022\/10\/20-octubre-viaje-tercera-edad-1-80x80.jpg 80w, https:\/\/www.yungayino.cl\/noticias\/wp-content\/uploads\/2022\/10\/20-octubre-viaje-tercera-edad-1-320x320.jpg 320w\" sizes=\"auto, (max-width: 700px) 100vw, 700px\" \/><\/p>\n<p style=\"text-align: justify;\">Yungay, octubre 2022: Oficina de Personas Mayores de nuestra comuna te invita a participar de un nuevo destino: San Fabi\u00e1n de Alico, en el marco del programa FNDR \u00abFortalecimiento de la Promoci\u00f3n del Turismo para la Tercera Edad, Regi\u00f3n de \u00d1uble\u00bb.<\/p>\n<p style=\"text-align: justify;\">Desde el 14 al 16 de noviembre las personas mayores de nuestra comuna podr\u00e1n conocer las maravillas y atractivos tur\u00edsticos de San Fabi\u00e1n de Alico.<\/p>\n<p style=\"text-align: justify;\">Requisitos relevantes:<\/p>\n<p style=\"text-align: justify;\">1.- Debe ser ciudadano chileno\/a o extranjero con residencia en la Comuna de Yungay.<\/p>\n<p style=\"text-align: justify;\">2.- Mayores de 60 a\u00f1os, jubilado o mayor de 18 a\u00f1os jubilado, pensionado o montepiado.<\/p>\n<p style=\"text-align: justify;\">3.- Tener registro social de hogares. (sin % de vulnerabilidad)<\/p>\n<p style=\"text-align: justify;\">El viaje consta de 3 d\u00edas y 2 noches. El copago es de $27.500.<\/p>\n<p style=\"text-align: justify;\">Inscripciones al 422255628, de manera presencial o al correo electr\u00f3nico adultomayor@yungay.cl<\/p>\n","protected":false},"excerpt":{"rendered":"<p>Yungay, octubre 2022: Oficina de Personas Mayores de nuestra comuna te invita a participar de un nuevo destino: San Fabi\u00e1n de Alico, en el marco del programa FNDR \u00abFortalecimiento de la Promoci\u00f3n del Turismo&#46;&#46;&#46;<\/p>\n","protected":false},"author":2,"featured_media":27069,"comment_status":"closed","ping_status":"open","sticky":false,"template":"","format":"standard","meta":{"footnotes":""},"categories":[1],"tags":[1115,986,8,6,117],"class_list":["post-27068","post","type-post","status-publish","format-standard","has-post-thumbnail","hentry","category-noticias","tag-noticias","tag-vacaciones-tercera-edad","tag-yungay","tag-yungayino","tag-yungayinocl"],"_links":{"self":[{"href":"https:\/\/www.yungayino.cl\/noticias\/index.php?rest_route=\/wp\/v2\/posts\/27068","targetHints":{"allow":["GET"]}}],"collection":[{"href":"https:\/\/www.yungayino.cl\/noticias\/index.php?rest_route=\/wp\/v2\/posts"}],"about":[{"href":"https:\/\/www.yungayino.cl\/noticias\/index.php?rest_route=\/wp\/v2\/types\/post"}],"author":[{"embeddable":true,"href":"https:\/\/www.yungayino.cl\/noticias\/index.php?rest_route=\/wp\/v2\/users\/2"}],"replies":[{"embeddable":true,"href":"https:\/\/www.yungayino.cl\/noticias\/index.php?rest_route=%2Fwp%2Fv2%2Fcomments&post=27068"}],"version-history":[{"count":2,"href":"https:\/\/www.yungayino.cl\/noticias\/index.php?rest_route=\/wp\/v2\/posts\/27068\/revisions"}],"predecessor-version":[{"id":27071,"href":"https:\/\/www.yungayino.cl\/noticias\/index.php?rest_route=\/wp\/v2\/posts\/27068\/revisions\/27071"}],"wp:featuredmedia":[{"embeddable":true,"href":"https:\/\/www.yungayino.cl\/noticias\/index.php?rest_route=\/wp\/v2\/media\/27069"}],"wp:attachment":[{"href":"https:\/\/www.yungayino.cl\/noticias\/index.php?rest_route=%2Fwp%2Fv2%2Fmedia&parent=27068"}],"wp:term":[{"taxonomy":"category","embeddable":true,"href":"https:\/\/www.yungayino.cl\/noticias\/index.php?rest_route=%2Fwp%2Fv2%2Fcategories&post=27068"},{"taxonomy":"post_tag","embeddable":true,"href":"https:\/\/www.yungayino.cl\/noticias\/index.php?rest_route=%2Fwp%2Fv2%2Ftags&post=27068"}],"curies":[{"name":"wp","href":"https:\/\/api.w.org\/{rel}","templated":true}]}}